{"id":13613,"date":"2025-01-28T09:47:58","date_gmt":"2025-01-28T12:47:58","guid":{"rendered":"http:\/\/www.funceme.br\/?p=13613"},"modified":"2025-01-28T10:53:53","modified_gmt":"2025-01-28T13:53:53","slug":"previsao-terca-de-ceu-mais-claro-quarta-e-quinta-feira-com-precipitacoes-mais-generalizadas","status":"publish","type":"post","link":"http:\/\/www.funceme.br\/?p=13613","title":{"rendered":"Previs\u00e3o: ter\u00e7a de c\u00e9u mais claro; quarta e quinta-feira com precipita\u00e7\u00f5es mais generalizadas"},"content":{"rendered":"<div id=\"attachment_13614\" style=\"width: 760px\" class=\"wp-caption alignnone\"><img aria-describedby=\"caption-attachment-13614\" decoding=\"async\" loading=\"lazy\" class=\"wp-image-13614\" src=\"http:\/\/www.funceme.br\/wp-content\/uploads\/2025\/01\/WhatsApp-Image-2025-01-27-at-09.11.44.jpeg\" alt=\"Cariri est\u00e1 entre as \u00e1reas com maiores chances de chuva entre quarta e quinta-feira (FOTO: Marciel Bezerra)\" width=\"750\" height=\"563\" srcset=\"http:\/\/www.funceme.br\/wp-content\/uploads\/2025\/01\/WhatsApp-Image-2025-01-27-at-09.11.44.jpeg 1600w, http:\/\/www.funceme.br\/wp-content\/uploads\/2025\/01\/WhatsApp-Image-2025-01-27-at-09.11.44-600x450.jpeg 600w, http:\/\/www.funceme.br\/wp-content\/uploads\/2025\/01\/WhatsApp-Image-2025-01-27-at-09.11.44-1200x900.jpeg 1200w, http:\/\/www.funceme.br\/wp-content\/uploads\/2025\/01\/WhatsApp-Image-2025-01-27-at-09.11.44-768x576.jpeg 768w, http:\/\/www.funceme.br\/wp-content\/uploads\/2025\/01\/WhatsApp-Image-2025-01-27-at-09.11.44-1536x1152.jpeg 1536w\" sizes=\"(max-width: 750px) 100vw, 750px\" \/><p id=\"caption-attachment-13614\" class=\"wp-caption-text\"><em>Cariri est\u00e1 entre as \u00e1reas com maiores chances de chuva entre quarta e quinta-feira (FOTO: Marciel Bezerra)<\/em><\/p><\/div>\n<p>A Funda\u00e7\u00e3o Cearense de Meteorologia e Recursos H\u00eddricos (Funceme) prev\u00ea continuidade das condi\u00e7\u00f5es de instabilidade atmosf\u00e9rica no estado, favorecendo precipita\u00e7\u00f5es em todas as macrorregi\u00f5es at\u00e9 quinta-feira (30).<\/p>\n<p>Para esta ter\u00e7a-feira (28), a tend\u00eancia \u00e9 de um dia com c\u00e9u mais claro, embora \u00e1reas do noroeste e do sul do estado ainda apresentem cen\u00e1rio para acumulados mais relevantes, quando comparadas com as demais macrorregi\u00f5es.<\/p>\n<p>J\u00e1 para quarta (29), a Funceme indica que \u00e1reas de instabilidades provenientes do leste do Nordeste e do oceano Atl\u00e2ntico dever\u00e3o deslocar-se em dire\u00e7\u00e3o ao Cear\u00e1, fazendo com que haja uma maior instabilidade no Litoral do Pec\u00e9m, Litoral de Fortaleza, Jaguaribana e no Cariri. Assim, as chuvas esperadas para estas regi\u00f5es nessas regi\u00f5es poder\u00e3o ser maiores .<\/p>\n<p>Por fim, para quinta, a tend\u00eancia, neste momento \u00e9 semelhante \u00e0quela apontada para quarta-feira, mas com precipita\u00e7\u00f5es isoladas de forma geral.<\/p>\n","protected":false},"excerpt":{"rendered":"<p>A Funda\u00e7\u00e3o Cearense de Meteorologia e Recursos H\u00eddricos (Funceme) prev\u00ea continuidade das condi\u00e7\u00f5es de instabilidade atmosf\u00e9rica no estado, favorecendo precipita\u00e7\u00f5es em todas as macrorregi\u00f5es at\u00e9 quinta-feira (30).<\/p>\n","protected":false},"author":4,"featured_media":13614,"comment_status":"closed","ping_status":"open","sticky":false,"template":"","format":"standard","meta":[],"categories":[81,15],"tags":[50,47,49,137],"acf":[],"_links":{"self":[{"href":"http:\/\/www.funceme.br\/index.php?rest_route=\/wp\/v2\/posts\/13613"}],"collection":[{"href":"http:\/\/www.funceme.br\/index.php?rest_route=\/wp\/v2\/posts"}],"about":[{"href":"http:\/\/www.funceme.br\/index.php?rest_route=\/wp\/v2\/types\/post"}],"author":[{"embeddable":true,"href":"http:\/\/www.funceme.br\/index.php?rest_route=\/wp\/v2\/users\/4"}],"replies":[{"embeddable":true,"href":"http:\/\/www.funceme.br\/index.php?rest_route=%2Fwp%2Fv2%2Fcomments&post=13613"}],"version-history":[{"count":1,"href":"http:\/\/www.funceme.br\/index.php?rest_route=\/wp\/v2\/posts\/13613\/revisions"}],"predecessor-version":[{"id":13615,"href":"http:\/\/www.funceme.br\/index.php?rest_route=\/wp\/v2\/posts\/13613\/revisions\/13615"}],"wp:featuredmedia":[{"embeddable":true,"href":"http:\/\/www.funceme.br\/index.php?rest_route=\/wp\/v2\/media\/13614"}],"wp:attachment":[{"href":"http:\/\/www.funceme.br\/index.php?rest_route=%2Fwp%2Fv2%2Fmedia&parent=13613"}],"wp:term":[{"taxonomy":"category","embeddable":true,"href":"http:\/\/www.funceme.br\/index.php?rest_route=%2Fwp%2Fv2%2Fcategories&post=13613"},{"taxonomy":"post_tag","embeddable":true,"href":"http:\/\/www.funceme.br\/index.php?rest_route=%2Fwp%2Fv2%2Ftags&post=13613"}],"curies":[{"name":"wp","href":"https:\/\/api.w.org\/{rel}","templated":true}]}}