{"id":13663,"date":"2025-02-17T10:07:53","date_gmt":"2025-02-17T13:07:53","guid":{"rendered":"http:\/\/www.funceme.br\/?p=13663"},"modified":"2025-02-17T19:19:39","modified_gmt":"2025-02-17T22:19:39","slug":"13663","status":"publish","type":"post","link":"http:\/\/www.funceme.br\/?p=13663","title":{"rendered":"In\u00edcio de semana chega com condi\u00e7\u00f5es mais favor\u00e1veis \u00e0s chuvas no Cear\u00e1"},"content":{"rendered":"<div id=\"attachment_13664\" style=\"width: 760px\" class=\"wp-caption alignnone\"><img aria-describedby=\"caption-attachment-13664\" decoding=\"async\" loading=\"lazy\" class=\"wp-image-13664\" src=\"http:\/\/www.funceme.br\/wp-content\/uploads\/2025\/02\/WhatsApp-Image-2025-02-15-at-12.05.40-scaled-e1739830573747.jpeg\" alt=\"Litoral de Fortaleza est\u00e1 sob aviso meteorol\u00f3gico para chuvas mais forte nesta ter\u00e7a (18) - FOTO: Marciel Bezerra\" width=\"750\" height=\"635\" \/><p id=\"caption-attachment-13664\" class=\"wp-caption-text\">Litoral de Fortaleza est\u00e1 sob aviso meteorol\u00f3gico para chuvas mais forte nesta ter\u00e7a (18) &#8211; FOTO: Marciel Bezerra<\/p><\/div>\n<p data-pm-slice=\"1 1 []\">O Cear\u00e1 deve apresentar aumento na nebulosidade em praticamente todo o estado a partir desta segunda-feira (17), cen\u00e1rio que indica condi\u00e7\u00e3o favor\u00e1vel para chuvas, conforme previs\u00e3o da Funda\u00e7\u00e3o Cearense de Meteorologia e Recursos H\u00eddricos (Funceme).<\/p>\n<p>Para esta segunda-feira (17), os maiores acumulados de precipita\u00e7\u00e3o s\u00e3o esperados para o centro-norte do estado, com destaque para as macrorregi\u00f5es do Litoral Norte, da Ibiapaba, do norte da Jaguaribana e do norte e noroeste do Sert\u00e3o Central e Inhamuns.<\/p>\n<p>Na ter\u00e7a-feira (18), as precipita\u00e7\u00f5es mais intensas s\u00e3o esperadas para o per\u00edodo da manh\u00e3 no Litoral de Fortaleza, no Maci\u00e7o de Baturit\u00e9, no Cariri, no sul e norte da Jaguaribana, al\u00e9m do centro-sul do Sert\u00e3o Central e Inhamuns.<\/p>\n<p>Segundo a Funceme, fatores meteorol\u00f3gicos como a umidade, a temperatura e o relevo contribuem para a ocorr\u00eancia das chuvas nos pr\u00f3ximos dias. Al\u00e9m disso, a Zona de Converg\u00eancia Intertropical (ZCIT), principal sistema respons\u00e1vel pelas chuvas no Cear\u00e1 entre fevereiro e maio, encontra-se posicionada entre a linha do Equador e 1\u00b0S, favorecendo a forma\u00e7\u00e3o de nuvens e precipita\u00e7\u00f5es no estado.<\/p>\n<p>A Funceme destaca a import\u00e2ncia do acompanhamento di\u00e1rio das previs\u00f5es meteorol\u00f3gicas para atualiza\u00e7\u00e3o das condi\u00e7\u00f5es clim\u00e1ticas ao longo da semana.<\/p>\n","protected":false},"excerpt":{"rendered":"<p>O Cear\u00e1 deve apresentar aumento na nebulosidade em praticamente todo o estado a partir desta segunda-feira (17), cen\u00e1rio que indica condi\u00e7\u00e3o favor\u00e1vel para chuvas, conforme previs\u00e3o da Funda\u00e7\u00e3o Cearense de Meteorologia e Recursos H\u00eddricos (Funceme).<\/p>\n","protected":false},"author":4,"featured_media":13664,"comment_status":"closed","ping_status":"open","sticky":false,"template":"","format":"standard","meta":[],"categories":[81,15],"tags":[622,57,47],"acf":[],"_links":{"self":[{"href":"http:\/\/www.funceme.br\/index.php?rest_route=\/wp\/v2\/posts\/13663"}],"collection":[{"href":"http:\/\/www.funceme.br\/index.php?rest_route=\/wp\/v2\/posts"}],"about":[{"href":"http:\/\/www.funceme.br\/index.php?rest_route=\/wp\/v2\/types\/post"}],"author":[{"embeddable":true,"href":"http:\/\/www.funceme.br\/index.php?rest_route=\/wp\/v2\/users\/4"}],"replies":[{"embeddable":true,"href":"http:\/\/www.funceme.br\/index.php?rest_route=%2Fwp%2Fv2%2Fcomments&post=13663"}],"version-history":[{"count":4,"href":"http:\/\/www.funceme.br\/index.php?rest_route=\/wp\/v2\/posts\/13663\/revisions"}],"predecessor-version":[{"id":13669,"href":"http:\/\/www.funceme.br\/index.php?rest_route=\/wp\/v2\/posts\/13663\/revisions\/13669"}],"wp:featuredmedia":[{"embeddable":true,"href":"http:\/\/www.funceme.br\/index.php?rest_route=\/wp\/v2\/media\/13664"}],"wp:attachment":[{"href":"http:\/\/www.funceme.br\/index.php?rest_route=%2Fwp%2Fv2%2Fmedia&parent=13663"}],"wp:term":[{"taxonomy":"category","embeddable":true,"href":"http:\/\/www.funceme.br\/index.php?rest_route=%2Fwp%2Fv2%2Fcategories&post=13663"},{"taxonomy":"post_tag","embeddable":true,"href":"http:\/\/www.funceme.br\/index.php?rest_route=%2Fwp%2Fv2%2Ftags&post=13663"}],"curies":[{"name":"wp","href":"https:\/\/api.w.org\/{rel}","templated":true}]}}