{"id":13710,"date":"2025-02-15T18:05:52","date_gmt":"2025-02-15T21:05:52","guid":{"rendered":"http:\/\/www.funceme.br\/?p=13710"},"modified":"2025-02-24T18:23:31","modified_gmt":"2025-02-24T21:23:31","slug":"monitor-aponta-reducao-da-seca-relativa-no-ceara","status":"publish","type":"post","link":"http:\/\/www.funceme.br\/?p=13710","title":{"rendered":"Monitor aponta redu\u00e7\u00e3o da seca relativa no Cear\u00e1"},"content":{"rendered":"<p><img decoding=\"async\" loading=\"lazy\" class=\"wp-image-13711 aligncenter\" src=\"http:\/\/www.funceme.br\/wp-content\/uploads\/2025\/02\/127_janeiro2025.png\" alt=\"\" width=\"750\" height=\"1061\" srcset=\"http:\/\/www.funceme.br\/wp-content\/uploads\/2025\/02\/127_janeiro2025.png 2480w, http:\/\/www.funceme.br\/wp-content\/uploads\/2025\/02\/127_janeiro2025-600x848.png 600w, http:\/\/www.funceme.br\/wp-content\/uploads\/2025\/02\/127_janeiro2025-1200x1697.png 1200w, http:\/\/www.funceme.br\/wp-content\/uploads\/2025\/02\/127_janeiro2025-768x1086.png 768w, http:\/\/www.funceme.br\/wp-content\/uploads\/2025\/02\/127_janeiro2025-1086x1536.png 1086w, http:\/\/www.funceme.br\/wp-content\/uploads\/2025\/02\/127_janeiro2025-1448x2048.png 1448w\" sizes=\"(max-width: 750px) 100vw, 750px\" \/><\/p>\n<p>O Cear\u00e1 apresentou melhorias nos indicadores de seca, conforme aponta a \u00faltima atualiza\u00e7\u00e3o do Monitor de Secas, ferramenta que acompanha a evolu\u00e7\u00e3o da seca no Brasil, divulgada nesta sexta-feira (14).<\/p>\n<p>No estado, em rela\u00e7\u00e3o ao m\u00eas de dezembro de 2024, houve retrocesso da condi\u00e7\u00e3o de seca fraca no norte e sul, al\u00e9m do abrandamento da seca moderada na por\u00e7\u00e3o centro-sul do estado. Os impactos esperados s\u00e3o de curto prazo.<\/p>\n<p>O levantamento tamb\u00e9m indica um aumento na \u00e1rea sem seca relativa no estado neste \u00faltimo m\u00eas de janeiro de 2025, que passou de 20,48% no \u00faltimo mapa para 36,82% na atualiza\u00e7\u00e3o mais recente. Com a redu\u00e7\u00e3o da seca moderada, o Cear\u00e1 agora apresenta 63,18% de seu territ\u00f3rio com seca fraca.<\/p>\n<p>A redu\u00e7\u00e3o da severidade da seca traz impactos diversos para o estado. Nas \u00e1reas que est\u00e3o saindo da seca, alguns d\u00e9ficits h\u00eddricos prolongados ainda podem afetar a recupera\u00e7\u00e3o completa de pastagens e culturas. J\u00e1 em regi\u00f5es que ainda enfrentam a estiagem, per\u00edodos de veranico podem impactar o plantio e o crescimento de trabalhos e pastagens.<\/p>\n<p><strong>Mais sobre o Monitor<\/strong><\/p>\n<p>O Monitor de Secas \u00e9 um sistema coordenado pela Ag\u00eancia Nacional de \u00c1guas e Saneamento B\u00e1sico (ANA) que analisa a evolu\u00e7\u00e3o da seca em diferentes estados brasileiros.<\/p>\n<p>O projeto envolve a participa\u00e7\u00e3o de diversas institui\u00e7\u00f5es estaduais e federais, como a Funda\u00e7\u00e3o Cearense de Meteorologia e Recursos H\u00eddricos (Funceme), que contribui para a an\u00e1lise da situa\u00e7\u00e3o no Cear\u00e1.<\/p>\n<p>A ferramenta utiliza dados de ocorr\u00eancia, umidade do solo e n\u00edveis de reservat\u00f3rios para mapear a severidade da seca em cinco categorias: seca fraca (S0), seca moderada (S1), seca severa (S2), seca extrema (S3) e seca excepcional (S4).<\/p>\n<p>O monitoramento cont\u00ednuo permite a identifica\u00e7\u00e3o de tend\u00eancias e auxilia na gest\u00e3o de recursos h\u00eddricos, orientando a\u00e7\u00f5es para minimizar os impactos da estimativa.<\/p>\n<p>Os mapas produzidos pelo Monitor de Secas s\u00e3o divulgados mensalmente e servem como refer\u00eancia para gestores p\u00fablicos, agricultores e pesquisadores.<\/p>\n","protected":false},"excerpt":{"rendered":"<p>O Cear\u00e1 apresentou melhorias nos indicadores de seca, conforme aponta a \u00faltima atualiza\u00e7\u00e3o do Monitor de Secas, ferramenta que acompanha a evolu\u00e7\u00e3o da seca no Brasil, divulgada nesta sexta-feira (14).<\/p>\n","protected":false},"author":4,"featured_media":13711,"comment_status":"closed","ping_status":"open","sticky":false,"template":"","format":"standard","meta":[],"categories":[88,15],"tags":[89],"acf":[],"_links":{"self":[{"href":"http:\/\/www.funceme.br\/index.php?rest_route=\/wp\/v2\/posts\/13710"}],"collection":[{"href":"http:\/\/www.funceme.br\/index.php?rest_route=\/wp\/v2\/posts"}],"about":[{"href":"http:\/\/www.funceme.br\/index.php?rest_route=\/wp\/v2\/types\/post"}],"author":[{"embeddable":true,"href":"http:\/\/www.funceme.br\/index.php?rest_route=\/wp\/v2\/users\/4"}],"replies":[{"embeddable":true,"href":"http:\/\/www.funceme.br\/index.php?rest_route=%2Fwp%2Fv2%2Fcomments&post=13710"}],"version-history":[{"count":1,"href":"http:\/\/www.funceme.br\/index.php?rest_route=\/wp\/v2\/posts\/13710\/revisions"}],"predecessor-version":[{"id":13712,"href":"http:\/\/www.funceme.br\/index.php?rest_route=\/wp\/v2\/posts\/13710\/revisions\/13712"}],"wp:featuredmedia":[{"embeddable":true,"href":"http:\/\/www.funceme.br\/index.php?rest_route=\/wp\/v2\/media\/13711"}],"wp:attachment":[{"href":"http:\/\/www.funceme.br\/index.php?rest_route=%2Fwp%2Fv2%2Fmedia&parent=13710"}],"wp:term":[{"taxonomy":"category","embeddable":true,"href":"http:\/\/www.funceme.br\/index.php?rest_route=%2Fwp%2Fv2%2Fcategories&post=13710"},{"taxonomy":"post_tag","embeddable":true,"href":"http:\/\/www.funceme.br\/index.php?rest_route=%2Fwp%2Fv2%2Ftags&post=13710"}],"curies":[{"name":"wp","href":"https:\/\/api.w.org\/{rel}","templated":true}]}}