{"id":13718,"date":"2025-02-25T13:50:35","date_gmt":"2025-02-25T16:50:35","guid":{"rendered":"http:\/\/www.funceme.br\/?p=13718"},"modified":"2025-02-25T13:50:35","modified_gmt":"2025-02-25T16:50:35","slug":"funceme-recolhe-cerca-de-17-mil-quilos-de-residuos-solidos-para-reciclagem-em-6-meses","status":"publish","type":"post","link":"http:\/\/www.funceme.br\/?p=13718","title":{"rendered":"Funceme recolhe cerca de 1,7 mil quilos de residuos s\u00f3lidos para reciclagem em 6 meses"},"content":{"rendered":"<p>A Funda\u00e7\u00e3o Cearense de Meteorologia e Recursos H\u00eddricos (Funceme) recolheu <strong>1.752 quilos de material recicl\u00e1vel<\/strong> no per\u00edodo de julho a dezembro de 2024, de acordo com relat\u00f3rio com dados enviado Associa\u00e7\u00e3o de Catadores (as) de Material Recicl\u00e1vel Raio de Sol.<\/p>\n<p>Desde 2022, a Funceme assume o compromisso de redu\u00e7\u00e3o na utiliza\u00e7\u00e3o de pap\u00e9is e institucionalizou a coleta seletiva, atendendo ao Decreto Estadual n\u00ba32981\/2019 que institui a Coleta Seletiva Solid\u00e1ria no \u00e2mbito da Administra\u00e7\u00e3o P\u00fablica Estadual e gerencia seus res\u00edduos.<\/p>\n<p>Conforme a Associa\u00e7\u00e3o Raio de Sol, respons\u00e1vel pela coleta na Funceme, foram recolhidos <strong>papel\u00e3o<\/strong> (621,5 kg), <strong>papel branco<\/strong> (597 kg), <strong>pl\u00e1stico<\/strong> (102,5 kg) e <strong>metais<\/strong> (431,5kg), totalizando 1.752 kg em seis meses.<\/p>\n<p>Atualmente, dentro da institui\u00e7\u00e3o \u00e9 poss\u00edvel realizar o descarte nas lixeiras seletivas e a descri\u00e7\u00e3o do material que pode ser descartado est\u00e1 sinalizado nos flanel\u00f3grafos. Al\u00e9m disso, sempre que pertinente, \u00e9 avisado e criada uma estrutura adequada para descarte de objetos maiores.<\/p>\n","protected":false},"excerpt":{"rendered":"<p>A Funda\u00e7\u00e3o Cearense de Meteorologia e Recursos H\u00eddricos (Funceme) recolheu 1.752 quilos de material recicl\u00e1vel no per\u00edodo de julho a dezembro de 2024, de acordo com relat\u00f3rio com dados enviado Associa\u00e7\u00e3o de Catadores (as) de Material Recicl\u00e1vel Raio de Sol.<\/p>\n","protected":false},"author":4,"featured_media":13719,"comment_status":"closed","ping_status":"open","sticky":false,"template":"","format":"standard","meta":[],"categories":[562,15],"tags":[],"acf":[],"_links":{"self":[{"href":"http:\/\/www.funceme.br\/index.php?rest_route=\/wp\/v2\/posts\/13718"}],"collection":[{"href":"http:\/\/www.funceme.br\/index.php?rest_route=\/wp\/v2\/posts"}],"about":[{"href":"http:\/\/www.funceme.br\/index.php?rest_route=\/wp\/v2\/types\/post"}],"author":[{"embeddable":true,"href":"http:\/\/www.funceme.br\/index.php?rest_route=\/wp\/v2\/users\/4"}],"replies":[{"embeddable":true,"href":"http:\/\/www.funceme.br\/index.php?rest_route=%2Fwp%2Fv2%2Fcomments&post=13718"}],"version-history":[{"count":1,"href":"http:\/\/www.funceme.br\/index.php?rest_route=\/wp\/v2\/posts\/13718\/revisions"}],"predecessor-version":[{"id":13720,"href":"http:\/\/www.funceme.br\/index.php?rest_route=\/wp\/v2\/posts\/13718\/revisions\/13720"}],"wp:featuredmedia":[{"embeddable":true,"href":"http:\/\/www.funceme.br\/index.php?rest_route=\/wp\/v2\/media\/13719"}],"wp:attachment":[{"href":"http:\/\/www.funceme.br\/index.php?rest_route=%2Fwp%2Fv2%2Fmedia&parent=13718"}],"wp:term":[{"taxonomy":"category","embeddable":true,"href":"http:\/\/www.funceme.br\/index.php?rest_route=%2Fwp%2Fv2%2Fcategories&post=13718"},{"taxonomy":"post_tag","embeddable":true,"href":"http:\/\/www.funceme.br\/index.php?rest_route=%2Fwp%2Fv2%2Ftags&post=13718"}],"curies":[{"name":"wp","href":"https:\/\/api.w.org\/{rel}","templated":true}]}}