{"id":13736,"date":"2025-03-01T09:33:40","date_gmt":"2025-03-01T12:33:40","guid":{"rendered":"http:\/\/www.funceme.br\/?p=13736"},"modified":"2025-03-01T15:36:41","modified_gmt":"2025-03-01T18:36:41","slug":"carnaval-no-ceara-deve-ter-chuvas-em-todas-as-regioes-ate-segunda-3-aponta-funceme","status":"publish","type":"post","link":"http:\/\/www.funceme.br\/?p=13736","title":{"rendered":"Carnaval no Cear\u00e1 deve ter chuvas em todas as regi\u00f5es at\u00e9 segunda (3), aponta Funceme"},"content":{"rendered":"<div id=\"attachment_13737\" style=\"width: 656px\" class=\"wp-caption aligncenter\"><img aria-describedby=\"caption-attachment-13737\" decoding=\"async\" loading=\"lazy\" class=\"size-full wp-image-13737\" src=\"http:\/\/www.funceme.br\/wp-content\/uploads\/2025\/03\/CHUVA-CARNAVAL.jpg\" alt=\"No litoral, as chuvas devem ser mais intensas pela manh\u00e3 (FOTO: Luciana Otoch)\" width=\"646\" height=\"364\" srcset=\"http:\/\/www.funceme.br\/wp-content\/uploads\/2025\/03\/CHUVA-CARNAVAL.jpg 646w, http:\/\/www.funceme.br\/wp-content\/uploads\/2025\/03\/CHUVA-CARNAVAL-600x338.jpg 600w\" sizes=\"(max-width: 646px) 100vw, 646px\" \/><p id=\"caption-attachment-13737\" class=\"wp-caption-text\">No litoral, as chuvas devem ser mais intensas pela manh\u00e3 (FOTO: Luciana Otoch)<\/p><\/div>\n<p>A previs\u00e3o do tempo para o per\u00edodo de Carnaval no Cear\u00e1 indica condi\u00e7\u00f5es de chuva em todas as macrorregi\u00f5es do estado at\u00e9 a pr\u00f3xima segunda-feira (3).<\/p>\n<p>De acordo com a Funda\u00e7\u00e3o Cearense de Meteorologia e Recursos H\u00eddricos (Funceme), os maiores acumulados devem ocorrer no domingo (2), com destaque para a faixa litor\u00e2nea, as regi\u00f5es serranas (Ibiapaba e Maci\u00e7o de Baturit\u00e9) e o sul do estado. Nas demais \u00e1reas, as precipita\u00e7\u00f5es devem ser isoladas e passageiras.<\/p>\n<p>J\u00e1 na segunda-feira, o cen\u00e1rio muda, com chuvas mais concentradas no centro-sul do estado, enquanto o centro-norte deve registrar precipita\u00e7\u00f5es isoladas.<\/p>\n<p><strong>Mais detalhes<\/strong><\/p>\n<p><em>S\u00e1bado:<\/em><\/p>\n<p>Pela manh\u00e3, as chuvas devem se concentrar principalmente na faixa litor\u00e2nea, influenciadas pela Zona de Converg\u00eancia Intertropical (ZCIT) e pelos efeitos da Brisa Terrestre. Nas demais regi\u00f5es, as precipita\u00e7\u00f5es devem ocorrer de forma isolada.<\/p>\n<p>No per\u00edodo da tarde, os acumulados tendem a diminuir, mas ainda h\u00e1 previs\u00e3o de chuvas com intensidade variando de fraca a moderada, podendo ser forte em alguns momentos. Os principais registros devem ocorrer no Litoral do Pec\u00e9m, Litoral Norte, Ibiapaba e norte do Sert\u00e3o Central e Inhamuns, devido \u00e0 intera\u00e7\u00e3o da Brisa Mar\u00edtima com o relevo dessas \u00e1reas.<\/p>\n<p>\u00c0 noite, \u00e1reas de instabilidade vindas do Rio Grande do Norte e da Para\u00edba podem provocar chuvas no Cariri e no sul da Jaguaribana. No Litoral de Fortaleza, h\u00e1 possibilidade de chuva fraca.<\/p>\n<p><em>Domingo:<\/em><\/p>\n<p>Nas primeiras horas do dia, \u00e1reas de instabilidade vindas do leste do Nordeste devem provocar chuvas no Cariri e no Sert\u00e3o Central e Inhamuns. A faixa litor\u00e2nea tamb\u00e9m deve registrar precipita\u00e7\u00f5es nesse per\u00edodo.<\/p>\n<p>\u00c0 tarde, as chuvas devem se concentrar no centro-norte do estado, com os maiores acumulados previstos para o Litoral do Pec\u00e9m, Litoral Norte, Ibiapaba e norte do Sert\u00e3o Central e Inhamuns.<\/p>\n<p>Fortaleza e Regi\u00e3o Metropolitana<\/p>\n<p>Na capital e regi\u00e3o metropolitana, a Funceme indica c\u00e9u nublado com chuva durante a manh\u00e3 e in\u00edcio da tarde. No restante do dia, o c\u00e9u deve variar entre nublado e parcialmente nublado, com chuvas isoladas na RMF e alta possibilidade de chuva em Fortaleza. \u00c0 noite, a chance de precipita\u00e7\u00e3o diminui.<\/p>\n<p>No domingo (2), Fortaleza deve registrar chuvas principalmente na madrugada e manh\u00e3. Na Regi\u00e3o Metropolitana, al\u00e9m desses per\u00edodos, h\u00e1 previs\u00e3o de chuvas isoladas e passageiras \u00e0 tarde devido \u00e0 influ\u00eancia da Brisa Mar\u00edtima.<\/p>\n","protected":false},"excerpt":{"rendered":"<p>A previs\u00e3o do tempo para o per\u00edodo de Carnaval no Cear\u00e1 indica condi\u00e7\u00f5es de chuva em todas as macrorregi\u00f5es do estado at\u00e9 a pr\u00f3xima segunda-feira (3).<\/p>\n","protected":false},"author":4,"featured_media":13738,"comment_status":"closed","ping_status":"open","sticky":false,"template":"","format":"standard","meta":[],"categories":[81,15],"tags":[169,57,47,49,101],"acf":[],"_links":{"self":[{"href":"http:\/\/www.funceme.br\/index.php?rest_route=\/wp\/v2\/posts\/13736"}],"collection":[{"href":"http:\/\/www.funceme.br\/index.php?rest_route=\/wp\/v2\/posts"}],"about":[{"href":"http:\/\/www.funceme.br\/index.php?rest_route=\/wp\/v2\/types\/post"}],"author":[{"embeddable":true,"href":"http:\/\/www.funceme.br\/index.php?rest_route=\/wp\/v2\/users\/4"}],"replies":[{"embeddable":true,"href":"http:\/\/www.funceme.br\/index.php?rest_route=%2Fwp%2Fv2%2Fcomments&post=13736"}],"version-history":[{"count":1,"href":"http:\/\/www.funceme.br\/index.php?rest_route=\/wp\/v2\/posts\/13736\/revisions"}],"predecessor-version":[{"id":13739,"href":"http:\/\/www.funceme.br\/index.php?rest_route=\/wp\/v2\/posts\/13736\/revisions\/13739"}],"wp:featuredmedia":[{"embeddable":true,"href":"http:\/\/www.funceme.br\/index.php?rest_route=\/wp\/v2\/media\/13738"}],"wp:attachment":[{"href":"http:\/\/www.funceme.br\/index.php?rest_route=%2Fwp%2Fv2%2Fmedia&parent=13736"}],"wp:term":[{"taxonomy":"category","embeddable":true,"href":"http:\/\/www.funceme.br\/index.php?rest_route=%2Fwp%2Fv2%2Fcategories&post=13736"},{"taxonomy":"post_tag","embeddable":true,"href":"http:\/\/www.funceme.br\/index.php?rest_route=%2Fwp%2Fv2%2Ftags&post=13736"}],"curies":[{"name":"wp","href":"https:\/\/api.w.org\/{rel}","templated":true}]}}