{"id":13748,"date":"2025-03-10T09:30:37","date_gmt":"2025-03-10T12:30:37","guid":{"rendered":"http:\/\/www.funceme.br\/?p=13748"},"modified":"2025-03-10T13:37:50","modified_gmt":"2025-03-10T16:37:50","slug":"ceara-tem-condicoes-para-chuvas-intensas-ate-esta-terca-feira-11-veja-mais-detalhes","status":"publish","type":"post","link":"http:\/\/www.funceme.br\/?p=13748","title":{"rendered":"Cear\u00e1 tem condi\u00e7\u00f5es para chuvas intensas at\u00e9 esta ter\u00e7a-feira (11); veja mais detalhes"},"content":{"rendered":"<div id=\"attachment_13750\" style=\"width: 760px\" class=\"wp-caption aligncenter\"><img aria-describedby=\"caption-attachment-13750\" decoding=\"async\" loading=\"lazy\" class=\"wp-image-13750\" src=\"http:\/\/www.funceme.br\/wp-content\/uploads\/2025\/03\/WhatsApp-Image-2025-03-05-at-10.59.53-scaled.jpeg\" alt=\"A partir da noite de ter\u00e7a-feira, a tend\u00eancia \u00e9 de diminui\u00e7\u00e3o da instabilidade atmosf\u00e9rica, tornando as chuvas mais isoladas (FOTO: Marciel Bezerra)\" width=\"750\" height=\"563\" srcset=\"http:\/\/www.funceme.br\/wp-content\/uploads\/2025\/03\/WhatsApp-Image-2025-03-05-at-10.59.53-scaled.jpeg 2560w, http:\/\/www.funceme.br\/wp-content\/uploads\/2025\/03\/WhatsApp-Image-2025-03-05-at-10.59.53-600x450.jpeg 600w, http:\/\/www.funceme.br\/wp-content\/uploads\/2025\/03\/WhatsApp-Image-2025-03-05-at-10.59.53-1200x900.jpeg 1200w, http:\/\/www.funceme.br\/wp-content\/uploads\/2025\/03\/WhatsApp-Image-2025-03-05-at-10.59.53-768x576.jpeg 768w, http:\/\/www.funceme.br\/wp-content\/uploads\/2025\/03\/WhatsApp-Image-2025-03-05-at-10.59.53-1536x1152.jpeg 1536w, http:\/\/www.funceme.br\/wp-content\/uploads\/2025\/03\/WhatsApp-Image-2025-03-05-at-10.59.53-2048x1536.jpeg 2048w\" sizes=\"(max-width: 750px) 100vw, 750px\" \/><p id=\"caption-attachment-13750\" class=\"wp-caption-text\"><span style=\"color: #6b6b6b;\"><em>A partir da noite de ter\u00e7a-feira, a tend\u00eancia \u00e9 de diminui\u00e7\u00e3o da instabilidade atmosf\u00e9rica, tornando as chuvas mais isoladas (FOTO: Marciel Bezerra)<\/em><\/span><\/p><\/div>\n<p>A Funda\u00e7\u00e3o Cearense de Meteorologia e Recursos H\u00eddricos (Funceme) prev\u00ea um in\u00edcio de semana com chuvas generalizadas em todas as macrorregi\u00f5es do Cear\u00e1.<\/p>\n<p>Para esta segunda-feira (10), espera-se um aumento da \u00e1rea com precipita\u00e7\u00f5es e dos acumulados, com possibilidade de trovoadas isoladas. O c\u00e9u deve variar de nublado a parcialmente nublado ao longo do dia.<\/p>\n<p>Os per\u00edodos mais cr\u00edticos para chuvas fortes s\u00e3o pela manh\u00e3 na faixa litor\u00e2nea e durante a tarde e noite no Litoral Norte, Ibiapaba, norte do Sert\u00e3o Central e Inhamuns, Jaguaribana, Maci\u00e7o de Baturit\u00e9 e Cariri. A previs\u00e3o aponta ainda a possibilidade de precipita\u00e7\u00f5es intensas em diversos pontos do estado.<\/p>\n<p>Na ter\u00e7a-feira (11), as chuvas devem persistir, com trovoadas isoladas de intensidade variando entre fraca e moderada, ocasionalmente forte na madrugada e manh\u00e3, especialmente no Litoral do Pec\u00e9m, Litoral de Fortaleza, Maci\u00e7o de Baturit\u00e9, Jaguaribana, Sert\u00e3o Central e Inhamuns, al\u00e9m do Cariri. No per\u00edodo da tarde, a chuva pode atingir o Litoral Norte, Ibiapaba e o norte do Sert\u00e3o Central e Inhamuns.<\/p>\n<p>A partir da noite de ter\u00e7a-feira, a tend\u00eancia \u00e9 de diminui\u00e7\u00e3o da instabilidade atmosf\u00e9rica, tornando as chuvas mais isoladas e de fraca intensidade na madrugada e manh\u00e3 de quarta-feira (12), principalmente na faixa litor\u00e2nea, Maci\u00e7o de Baturit\u00e9, Sert\u00e3o Central e Inhamuns e Cariri.<\/p>\n<p><strong>Fortaleza e Regi\u00e3o Metropolitana<\/strong><\/p>\n<p>Para Fortaleza e a Regi\u00e3o Metropolitana, a previs\u00e3o indica chuvas ao longo de todo o dia nesta segunda-feira, variando entre fraca e moderada, com momentos de maior intensidade. O cen\u00e1rio deve se manter na madrugada e manh\u00e3 de ter\u00e7a-feira, mas os acumulados tendem a reduzir a partir da tarde.<\/p>\n<p>De acordo com a Funceme, as chuvas est\u00e3o associadas \u00e0 atua\u00e7\u00e3o da Zona de Converg\u00eancia Intertropical (ZCIT) e a efeitos locais, como brisa, relevo, disponibilidade de umidade e calor.<\/p>\n","protected":false},"excerpt":{"rendered":"<p>A Funda\u00e7\u00e3o Cearense de Meteorologia e Recursos H\u00eddricos (Funceme) prev\u00ea um in\u00edcio de semana com chuvas generalizadas em todas as macrorregi\u00f5es do Cear\u00e1.<\/p>\n","protected":false},"author":4,"featured_media":13750,"comment_status":"closed","ping_status":"open","sticky":false,"template":"","format":"standard","meta":[],"categories":[81,15],"tags":[47,49,101],"acf":[],"_links":{"self":[{"href":"http:\/\/www.funceme.br\/index.php?rest_route=\/wp\/v2\/posts\/13748"}],"collection":[{"href":"http:\/\/www.funceme.br\/index.php?rest_route=\/wp\/v2\/posts"}],"about":[{"href":"http:\/\/www.funceme.br\/index.php?rest_route=\/wp\/v2\/types\/post"}],"author":[{"embeddable":true,"href":"http:\/\/www.funceme.br\/index.php?rest_route=\/wp\/v2\/users\/4"}],"replies":[{"embeddable":true,"href":"http:\/\/www.funceme.br\/index.php?rest_route=%2Fwp%2Fv2%2Fcomments&post=13748"}],"version-history":[{"count":1,"href":"http:\/\/www.funceme.br\/index.php?rest_route=\/wp\/v2\/posts\/13748\/revisions"}],"predecessor-version":[{"id":13751,"href":"http:\/\/www.funceme.br\/index.php?rest_route=\/wp\/v2\/posts\/13748\/revisions\/13751"}],"wp:featuredmedia":[{"embeddable":true,"href":"http:\/\/www.funceme.br\/index.php?rest_route=\/wp\/v2\/media\/13750"}],"wp:attachment":[{"href":"http:\/\/www.funceme.br\/index.php?rest_route=%2Fwp%2Fv2%2Fmedia&parent=13748"}],"wp:term":[{"taxonomy":"category","embeddable":true,"href":"http:\/\/www.funceme.br\/index.php?rest_route=%2Fwp%2Fv2%2Fcategories&post=13748"},{"taxonomy":"post_tag","embeddable":true,"href":"http:\/\/www.funceme.br\/index.php?rest_route=%2Fwp%2Fv2%2Ftags&post=13748"}],"curies":[{"name":"wp","href":"https:\/\/api.w.org\/{rel}","templated":true}]}}