{"id":13754,"date":"2025-03-12T14:50:25","date_gmt":"2025-03-12T17:50:25","guid":{"rendered":"http:\/\/www.funceme.br\/?p=13754"},"modified":"2025-03-13T16:12:11","modified_gmt":"2025-03-13T19:12:11","slug":"ceara-segue-com-condicoes-de-chuva-ate-sexta-feira-13-veja-detalhes","status":"publish","type":"post","link":"http:\/\/www.funceme.br\/?p=13754","title":{"rendered":"Cear\u00e1 segue com condi\u00e7\u00f5es de chuva at\u00e9 sexta-feira (14); veja detalhes"},"content":{"rendered":"<div id=\"attachment_13755\" style=\"width: 760px\" class=\"wp-caption aligncenter\"><img aria-describedby=\"caption-attachment-13755\" decoding=\"async\" loading=\"lazy\" class=\"wp-image-13755\" src=\"http:\/\/www.funceme.br\/wp-content\/uploads\/2025\/03\/WhatsApp-Image-2025-03-12-at-11.38.55-scaled.jpeg\" alt=\"A partir da madrugada de sexta-feira (14), espera-se um aumento das instabilidades, principalmente no leste e norte do estado. (FOTO: Marciel Bezerra)\" width=\"750\" height=\"563\" srcset=\"http:\/\/www.funceme.br\/wp-content\/uploads\/2025\/03\/WhatsApp-Image-2025-03-12-at-11.38.55-scaled.jpeg 2560w, http:\/\/www.funceme.br\/wp-content\/uploads\/2025\/03\/WhatsApp-Image-2025-03-12-at-11.38.55-600x450.jpeg 600w, http:\/\/www.funceme.br\/wp-content\/uploads\/2025\/03\/WhatsApp-Image-2025-03-12-at-11.38.55-1200x900.jpeg 1200w, http:\/\/www.funceme.br\/wp-content\/uploads\/2025\/03\/WhatsApp-Image-2025-03-12-at-11.38.55-768x576.jpeg 768w, http:\/\/www.funceme.br\/wp-content\/uploads\/2025\/03\/WhatsApp-Image-2025-03-12-at-11.38.55-1536x1152.jpeg 1536w, http:\/\/www.funceme.br\/wp-content\/uploads\/2025\/03\/WhatsApp-Image-2025-03-12-at-11.38.55-2048x1536.jpeg 2048w\" sizes=\"(max-width: 750px) 100vw, 750px\" \/><p id=\"caption-attachment-13755\" class=\"wp-caption-text\"><span style=\"color: #6b6b6b;\"><em>A partir da madrugada de sexta-feira (14), espera-se um aumento das instabilidades, principalmente no leste e norte do estado. (FOTO: Marciel Bezerra)<\/em><\/span><\/p><\/div>\n<p>A Funda\u00e7\u00e3o Cearense de Meteorologia e Recursos H\u00eddricos (Funceme) prev\u00ea chuvas em diferentes regi\u00f5es do estado a partir desta quinta-feira (13).<\/p>\n<p>Durante a madrugada, manh\u00e3 e noite, as \u00e1reas com maiores condi\u00e7\u00f5es s\u00e3o a faixa litor\u00e2nea, Sert\u00e3o Central e Inhamuns e Cariri. Nelas, h\u00e1 possibilidade de trovoadas pontuais.<\/p>\n<p>\u00c0 tarde, as precipita\u00e7\u00f5es devem ser isoladas no Litoral Norte e Litoral do Pec\u00e9m, enquanto no norte do Sert\u00e3o Central e Inhamuns, Maci\u00e7o de Baturit\u00e9, Litoral de Fortaleza e norte da Jaguaribana, as precipita\u00e7\u00f5es ser\u00e3o mais pontuais, incluindo menores chances.<\/p>\n<p>Apesar das chuvas, as temperaturas dever\u00e3o alcan\u00e7ar at\u00e9 36\u00b0C no per\u00edodo da tarde, especialmente no Cariri e sul da Jaguaribana.<\/p>\n<p>J\u00e1 a partir da madrugada de sexta-feira (14), espera-se um aumento das instabilidades, principalmente no leste e norte do estado. O Litoral de Fortaleza, Maci\u00e7o de Baturit\u00e9 e al\u00e9m da por\u00e7\u00e3o norte da macrorregi\u00e3o Jaguaribana devem registrar precipita\u00e7\u00f5es mais intensas. No restante do dia, h\u00e1 previs\u00e3o de chuvas isoladas isoladas em todas as macrorregi\u00f5es.<\/p>\n<p>Os fatores respons\u00e1veis pelo cen\u00e1rio meteorol\u00f3gico incluem a atua\u00e7\u00e3o da Zona de Converg\u00eancia Intertropical (ZCIT), que est\u00e1 localizada em torno de 2\u00b0S e deve intensificar sua influ\u00eancia sobre o centro-norte do Cear\u00e1, al\u00e9m de um cavado em m\u00e9dios e baixos n\u00edveis da troposfera, que se desenvolver\u00e1 na costa leste do Nordeste entre quinta e sexta-feira. Tamb\u00e9m contribuem para as precipita\u00e7\u00f5es os sistemas locais, como as brisas terrestre e mar\u00edtima.<\/p>\n<p>A Funceme recomenda que a popula\u00e7\u00e3o acompanhe as atualiza\u00e7\u00f5es da previs\u00e3o do tempo por meio do site funceme.br ou ainda pelo aplicativo Funceme Tempo .<\/p>\n","protected":false},"excerpt":{"rendered":"<p>A Funda\u00e7\u00e3o Cearense de Meteorologia e Recursos H\u00eddricos (Funceme) prev\u00ea chuvas em diferentes regi\u00f5es do estado a partir desta quinta-feira (13). Durante a madrugada, manh\u00e3 e noite, as \u00e1reas com maiores condi\u00e7\u00f5es s\u00e3o a faixa litor\u00e2nea, Sert\u00e3o Central e Inhamuns e Cariri. Nelas, h\u00e1 possibilidade de trovoadas pontuais. \u00c0 tarde, as precipita\u00e7\u00f5es devem ser isoladas [&hellip;]<\/p>\n","protected":false},"author":4,"featured_media":13755,"comment_status":"closed","ping_status":"open","sticky":false,"template":"","format":"standard","meta":[],"categories":[81,15],"tags":[50,57,47,49,207],"acf":[],"_links":{"self":[{"href":"http:\/\/www.funceme.br\/index.php?rest_route=\/wp\/v2\/posts\/13754"}],"collection":[{"href":"http:\/\/www.funceme.br\/index.php?rest_route=\/wp\/v2\/posts"}],"about":[{"href":"http:\/\/www.funceme.br\/index.php?rest_route=\/wp\/v2\/types\/post"}],"author":[{"embeddable":true,"href":"http:\/\/www.funceme.br\/index.php?rest_route=\/wp\/v2\/users\/4"}],"replies":[{"embeddable":true,"href":"http:\/\/www.funceme.br\/index.php?rest_route=%2Fwp%2Fv2%2Fcomments&post=13754"}],"version-history":[{"count":2,"href":"http:\/\/www.funceme.br\/index.php?rest_route=\/wp\/v2\/posts\/13754\/revisions"}],"predecessor-version":[{"id":13763,"href":"http:\/\/www.funceme.br\/index.php?rest_route=\/wp\/v2\/posts\/13754\/revisions\/13763"}],"wp:featuredmedia":[{"embeddable":true,"href":"http:\/\/www.funceme.br\/index.php?rest_route=\/wp\/v2\/media\/13755"}],"wp:attachment":[{"href":"http:\/\/www.funceme.br\/index.php?rest_route=%2Fwp%2Fv2%2Fmedia&parent=13754"}],"wp:term":[{"taxonomy":"category","embeddable":true,"href":"http:\/\/www.funceme.br\/index.php?rest_route=%2Fwp%2Fv2%2Fcategories&post=13754"},{"taxonomy":"post_tag","embeddable":true,"href":"http:\/\/www.funceme.br\/index.php?rest_route=%2Fwp%2Fv2%2Ftags&post=13754"}],"curies":[{"name":"wp","href":"https:\/\/api.w.org\/{rel}","templated":true}]}}