{"id":13758,"date":"2025-03-13T15:45:54","date_gmt":"2025-03-13T18:45:54","guid":{"rendered":"http:\/\/www.funceme.br\/?p=13758"},"modified":"2025-03-17T14:20:39","modified_gmt":"2025-03-17T17:20:39","slug":"funceme-e-sda-ministram-oficina-sobre-o-estudo-levantamento-de-solos-do-ceara","status":"publish","type":"post","link":"http:\/\/www.funceme.br\/?p=13758","title":{"rendered":"Funceme e SDA ministram oficina sobre o estudo Levantamento de Solos do Cear\u00e1"},"content":{"rendered":"<div id=\"attachment_13759\" style=\"width: 760px\" class=\"wp-caption aligncenter\"><img aria-describedby=\"caption-attachment-13759\" decoding=\"async\" loading=\"lazy\" class=\"wp-image-13759\" src=\"http:\/\/www.funceme.br\/wp-content\/uploads\/2025\/03\/IMG_7886-scaled.jpg\" alt=\"O estudo foi lan\u00e7ado em dezembro de 2024, fruto da parceria entre a SDA e a Funceme, via Projeto S\u00e3o Jos\u00e9. (FOTO: Divulga\u00e7\u00e3o\/SDA)\" width=\"750\" height=\"500\" srcset=\"http:\/\/www.funceme.br\/wp-content\/uploads\/2025\/03\/IMG_7886-scaled.jpg 2560w, http:\/\/www.funceme.br\/wp-content\/uploads\/2025\/03\/IMG_7886-600x400.jpg 600w, http:\/\/www.funceme.br\/wp-content\/uploads\/2025\/03\/IMG_7886-1200x800.jpg 1200w, http:\/\/www.funceme.br\/wp-content\/uploads\/2025\/03\/IMG_7886-768x512.jpg 768w, http:\/\/www.funceme.br\/wp-content\/uploads\/2025\/03\/IMG_7886-1536x1024.jpg 1536w, http:\/\/www.funceme.br\/wp-content\/uploads\/2025\/03\/IMG_7886-2048x1365.jpg 2048w\" sizes=\"(max-width: 750px) 100vw, 750px\" \/><p id=\"caption-attachment-13759\" class=\"wp-caption-text\"><em>O estudo foi lan\u00e7ado em dezembro de 2024, fruto da parceria entre a SDA e a Funceme, via Projeto S\u00e3o Jos\u00e9. (FOTO: Divulga\u00e7\u00e3o\/SDA)<\/em><\/p><\/div>\n<p>T\u00e9cnicos da Secretaria do Desenvolvimento Agr\u00e1rio do Cear\u00e1 (SDA) e da Funda\u00e7\u00e3o Cearense de Funda\u00e7\u00e3o Cearense de Meteorologia e Recursos H\u00eddricos (Funceme) participaram da oficina Levantamento de Solos do Cear\u00e1, nesta quinta-feira (13), no audit\u00f3rio da secretaria. T\u00e9cnicos das vinculadas da Ceasa, Ematerce e Idace, vinculadas \u00e0 SDA tamb\u00e9m participaram da forma\u00e7\u00e3o.<\/p>\n<p>O secret\u00e1rio executivo da SDA, Marcos Jacinto, ressaltou a import\u00e2ncia do estudo de solos para o desenvolvimento de iniciativas voltadas ao fortalecimento do campo. \u201cO levantamento \u00e9 uma ferramenta essencial para as nossas a\u00e7\u00f5es de planejamento, organiza\u00e7\u00e3o de pol\u00edticas p\u00fablicas e para o desenvolvimento de a\u00e7\u00f5es e projetos \u00e0s fam\u00edlias do campo. Este \u00e9 um momento de di\u00e1logo sobre a relev\u00e2ncia que esse estudo tem no nosso dia a dia, para n\u00f3s do sistema SDA e de outras entidades do meio rural\u201d, frisou.<\/p>\n<p><strong>Estudo de Solos do Cear\u00e1<\/strong><\/p>\n<p>A SDA, por meio do Projeto S\u00e3o Jos\u00e9, em parceria com a Funceme, lan\u00e7ou, em dezembro de 2024, o Levantamento de Reconhecimento de M\u00e9dia Intensidade dos Solos do Cear\u00e1.<\/p>\n<p>O presidente da Funceme, Eduardo S\u00e1vio, destacou a parceria da SDA e da Funceme. \u201c\u00c9 uma satisfa\u00e7\u00e3o muito grande que depois de 17 anos terminamos o estudo dos solos do Cear\u00e1. Para n\u00f3s da Funceme, o levantamento \u00e9 um dos projetos mais importantes definidos como estrat\u00e9gicos para as nossas atividades. A forma\u00e7\u00e3o e o debate de hoje representam o in\u00edcio de uma longa jornada que se inicia\u201d, acrescentou.<\/p>\n<p>Participaram ainda das apresenta\u00e7\u00f5es o pesquisador Daniel Pontes e o profissional de TI Ricardo Aguiar, ambos da Funceme, al\u00e9m do engenheiro agr^nomo da Ematerce Gilcivan Moreira.<\/p>\n<p>O estudo in\u00e9dito contou com investimento de R$15,5 milh\u00f5es e foi lan\u00e7ado durante a segunda edi\u00e7\u00e3o da Feira Sabores e Saberes. O levantamento est\u00e1 dispon\u00edvel atrav\u00e9s de um e-book e do aplicativo Solos+Cear\u00e1 para acesso p\u00fablico.<\/p>\n<p><img decoding=\"async\" loading=\"lazy\" class=\"wp-image-13760 aligncenter\" src=\"http:\/\/www.funceme.br\/wp-content\/uploads\/2025\/03\/IMG_5721-scaled.jpg\" alt=\"\" width=\"750\" height=\"563\" srcset=\"http:\/\/www.funceme.br\/wp-content\/uploads\/2025\/03\/IMG_5721-scaled.jpg 2560w, http:\/\/www.funceme.br\/wp-content\/uploads\/2025\/03\/IMG_5721-600x450.jpg 600w, http:\/\/www.funceme.br\/wp-content\/uploads\/2025\/03\/IMG_5721-1200x900.jpg 1200w, http:\/\/www.funceme.br\/wp-content\/uploads\/2025\/03\/IMG_5721-768x576.jpg 768w, http:\/\/www.funceme.br\/wp-content\/uploads\/2025\/03\/IMG_5721-1536x1152.jpg 1536w, http:\/\/www.funceme.br\/wp-content\/uploads\/2025\/03\/IMG_5721-2048x1536.jpg 2048w\" sizes=\"(max-width: 750px) 100vw, 750px\" \/><\/p>\n<p>A t\u00e9cnica do Projeto S\u00e3o Jos\u00e9, Gigi Mendes, explicou como o levantamento deve contribuir para o fortalecimento das a\u00e7\u00f5es e projetos no campo. \u201cO estudo dos solos vai al\u00e9m de um levantamento t\u00e9cnico. O levantamento \u00e9 uma ferramenta estrat\u00e9gica para pol\u00edticas p\u00fablicas baseadas em ci\u00eancia, promovendo um planejamento territorial eficiente e sustent\u00e1vel. Esse estudo possibilita a tomada de decis\u00f5es mais adequada, garantindo a implementa\u00e7\u00e3o de pr\u00e1ticas de manejo sustent\u00e1veis, recupera\u00e7\u00e3o de \u00e1reas degradadas e o uso racional dos recursos naturais. Isso beneficia as institui\u00e7\u00f5es de ensino e pesquisa, t\u00e9cnicos agr\u00edcolas e nossos agricultores familiares\u201d, argumentou.<\/p>\n<p>Os recursos s\u00e3o oriundos do acordo de empr\u00e9stimo entre o Banco Internacional para Reconstru\u00e7\u00e3o e Desenvolvimento (BIRD), Banco Mundial e a Rep\u00fablica Federativa do Brasil, tendo como benefici\u00e1rio o Governo do Estado do Cear\u00e1, por interm\u00e9dio da Secretaria do Desenvolvimento Agr\u00e1rio (SDA), para financiamento do Projeto de Desenvolvimento Rural Sustent\u00e1vel \u2013 PDRS\/Projeto S\u00e3o Jos\u00e9 III \u2013 2\u00aa Fase.<\/p>\n","protected":false},"excerpt":{"rendered":"<p>T\u00e9cnicos da Secretaria do Desenvolvimento Agr\u00e1rio do Cear\u00e1 (SDA) e da Funda\u00e7\u00e3o Cearense de Funda\u00e7\u00e3o Cearense de Meteorologia e Recursos H\u00eddricos (Funceme) participaram da oficina Levantamento de Solos do Cear\u00e1, nesta quinta-feira (13), no audit\u00f3rio da secretaria. T\u00e9cnicos das vinculadas da Ceasa, Ematerce e Idace, vinculadas \u00e0 SDA tamb\u00e9m participaram da forma\u00e7\u00e3o.<\/p>\n","protected":false},"author":4,"featured_media":13759,"comment_status":"closed","ping_status":"open","sticky":false,"template":"","format":"standard","meta":[],"categories":[289,15],"tags":[57,80,301,60],"acf":[],"_links":{"self":[{"href":"http:\/\/www.funceme.br\/index.php?rest_route=\/wp\/v2\/posts\/13758"}],"collection":[{"href":"http:\/\/www.funceme.br\/index.php?rest_route=\/wp\/v2\/posts"}],"about":[{"href":"http:\/\/www.funceme.br\/index.php?rest_route=\/wp\/v2\/types\/post"}],"author":[{"embeddable":true,"href":"http:\/\/www.funceme.br\/index.php?rest_route=\/wp\/v2\/users\/4"}],"replies":[{"embeddable":true,"href":"http:\/\/www.funceme.br\/index.php?rest_route=%2Fwp%2Fv2%2Fcomments&post=13758"}],"version-history":[{"count":3,"href":"http:\/\/www.funceme.br\/index.php?rest_route=\/wp\/v2\/posts\/13758\/revisions"}],"predecessor-version":[{"id":13769,"href":"http:\/\/www.funceme.br\/index.php?rest_route=\/wp\/v2\/posts\/13758\/revisions\/13769"}],"wp:featuredmedia":[{"embeddable":true,"href":"http:\/\/www.funceme.br\/index.php?rest_route=\/wp\/v2\/media\/13759"}],"wp:attachment":[{"href":"http:\/\/www.funceme.br\/index.php?rest_route=%2Fwp%2Fv2%2Fmedia&parent=13758"}],"wp:term":[{"taxonomy":"category","embeddable":true,"href":"http:\/\/www.funceme.br\/index.php?rest_route=%2Fwp%2Fv2%2Fcategories&post=13758"},{"taxonomy":"post_tag","embeddable":true,"href":"http:\/\/www.funceme.br\/index.php?rest_route=%2Fwp%2Fv2%2Ftags&post=13758"}],"curies":[{"name":"wp","href":"https:\/\/api.w.org\/{rel}","templated":true}]}}