{"id":13789,"date":"2025-03-28T11:17:55","date_gmt":"2025-03-28T14:17:55","guid":{"rendered":"http:\/\/www.funceme.br\/?p=13789"},"modified":"2025-03-28T11:17:55","modified_gmt":"2025-03-28T14:17:55","slug":"sul-do-ceara-deve-concentrar-principais-chuvas-do-estado-ate-o-fim-de-semana","status":"publish","type":"post","link":"http:\/\/www.funceme.br\/?p=13789","title":{"rendered":"Sul do Cear\u00e1 deve concentrar principais chuvas do estado at\u00e9 o fim de semana"},"content":{"rendered":"<div id=\"attachment_13790\" style=\"width: 760px\" class=\"wp-caption aligncenter\"><img aria-describedby=\"caption-attachment-13790\" decoding=\"async\" loading=\"lazy\" class=\"wp-image-13790\" src=\"http:\/\/www.funceme.br\/wp-content\/uploads\/2025\/03\/WhatsApp-Image-2025-03-27-at-06.00.25-scaled.jpeg\" alt=\"As chuvas previstas est\u00e3o associadas \u00e0 forma\u00e7\u00e3o de \u00e1reas de instabilidade, influenciadas por um V\u00f3rtice Cicl\u00f4nico em Altos N\u00edveis (VCAN), al\u00e9m de fatores locais (FOTO: Marciel Bezerra)\" width=\"750\" height=\"563\" srcset=\"http:\/\/www.funceme.br\/wp-content\/uploads\/2025\/03\/WhatsApp-Image-2025-03-27-at-06.00.25-scaled.jpeg 2560w, http:\/\/www.funceme.br\/wp-content\/uploads\/2025\/03\/WhatsApp-Image-2025-03-27-at-06.00.25-600x450.jpeg 600w, http:\/\/www.funceme.br\/wp-content\/uploads\/2025\/03\/WhatsApp-Image-2025-03-27-at-06.00.25-1200x900.jpeg 1200w, http:\/\/www.funceme.br\/wp-content\/uploads\/2025\/03\/WhatsApp-Image-2025-03-27-at-06.00.25-768x576.jpeg 768w, http:\/\/www.funceme.br\/wp-content\/uploads\/2025\/03\/WhatsApp-Image-2025-03-27-at-06.00.25-1536x1152.jpeg 1536w, http:\/\/www.funceme.br\/wp-content\/uploads\/2025\/03\/WhatsApp-Image-2025-03-27-at-06.00.25-2048x1536.jpeg 2048w\" sizes=\"(max-width: 750px) 100vw, 750px\" \/><p id=\"caption-attachment-13790\" class=\"wp-caption-text\"><span style=\"color: #6b6b6b;\"><em>As chuvas previstas est\u00e3o associadas \u00e0 forma\u00e7\u00e3o de \u00e1reas de instabilidade, influenciadas por um V\u00f3rtice Cicl\u00f4nico em Altos N\u00edveis (VCAN), al\u00e9m de fatores locais (FOTO: Marciel Bezerra)<\/em><\/span><\/p><\/div>\n<p>A previs\u00e3o para os pr\u00f3ximos dias indica chuva em todas as macrorregi\u00f5es do Cear\u00e1, com maior intensidade no Cariri e no sul do Sert\u00e3o Central e Inhamuns. De acordo com a Funda\u00e7\u00e3o Cearense de Meteorologia e Recursos H\u00eddricos (Funceme), tais \u00e1reas devem registrar os maiores acumulados, especialmente entre a noite de sexta-feira (28) e a madrugada de s\u00e1bado (29).<\/p>\n<p>Nas demais regi\u00f5es do estado, a chuva deve ocorrer de forma isolada, com intensidade variando de fraca a moderada. J\u00e1 no domingo (30), a tend\u00eancia \u00e9 de redu\u00e7\u00e3o das precipita\u00e7\u00f5es.<\/p>\n<p>As chuvas previstas est\u00e3o associadas \u00e0 forma\u00e7\u00e3o de \u00e1reas de instabilidade, influenciadas por um V\u00f3rtice Cicl\u00f4nico em Altos N\u00edveis (VCAN), al\u00e9m de fatores locais como a atua\u00e7\u00e3o do sistema de brisa, temperatura e umidade elevadas e a intera\u00e7\u00e3o dos ventos com o relevo.<\/p>\n<p>Fortaleza e Regi\u00e3o Metropolitana<\/p>\n<p>Na Capital e na Regi\u00e3o Metropolitana de Fortaleza (RMF), a previs\u00e3o indica chuvas fracas a moderadas entre a madrugada e o in\u00edcio da manh\u00e3 desta sexta-feira (28) e do s\u00e1bado (29). Durante o restante do dia, o c\u00e9u deve permanecer com poucas nuvens.<\/p>\n<p>Temperaturas: M\u00e1ximas em torno de 33\u00b0C na sexta e no s\u00e1bado.<\/p>\n<p>Ventos: predominantemente de nordeste, com velocidade entre 10 km\/h e 20 km\/h.<\/p>\n<p>A Funceme segue monitorando as condi\u00e7\u00f5es meteorol\u00f3gicas e poder\u00e1 atualizar as previs\u00f5es conforme novas an\u00e1lises forem realizadas.<\/p>\n","protected":false},"excerpt":{"rendered":"<p>A previs\u00e3o para os pr\u00f3ximos dias indica chuva em todas as macrorregi\u00f5es do Cear\u00e1, com maior intensidade no Cariri e no sul do Sert\u00e3o Central e Inhamuns.<\/p>\n","protected":false},"author":4,"featured_media":13790,"comment_status":"closed","ping_status":"open","sticky":false,"template":"","format":"standard","meta":[],"categories":[81,15],"tags":[50,57,47,170],"acf":[],"_links":{"self":[{"href":"http:\/\/www.funceme.br\/index.php?rest_route=\/wp\/v2\/posts\/13789"}],"collection":[{"href":"http:\/\/www.funceme.br\/index.php?rest_route=\/wp\/v2\/posts"}],"about":[{"href":"http:\/\/www.funceme.br\/index.php?rest_route=\/wp\/v2\/types\/post"}],"author":[{"embeddable":true,"href":"http:\/\/www.funceme.br\/index.php?rest_route=\/wp\/v2\/users\/4"}],"replies":[{"embeddable":true,"href":"http:\/\/www.funceme.br\/index.php?rest_route=%2Fwp%2Fv2%2Fcomments&post=13789"}],"version-history":[{"count":1,"href":"http:\/\/www.funceme.br\/index.php?rest_route=\/wp\/v2\/posts\/13789\/revisions"}],"predecessor-version":[{"id":13791,"href":"http:\/\/www.funceme.br\/index.php?rest_route=\/wp\/v2\/posts\/13789\/revisions\/13791"}],"wp:featuredmedia":[{"embeddable":true,"href":"http:\/\/www.funceme.br\/index.php?rest_route=\/wp\/v2\/media\/13790"}],"wp:attachment":[{"href":"http:\/\/www.funceme.br\/index.php?rest_route=%2Fwp%2Fv2%2Fmedia&parent=13789"}],"wp:term":[{"taxonomy":"category","embeddable":true,"href":"http:\/\/www.funceme.br\/index.php?rest_route=%2Fwp%2Fv2%2Fcategories&post=13789"},{"taxonomy":"post_tag","embeddable":true,"href":"http:\/\/www.funceme.br\/index.php?rest_route=%2Fwp%2Fv2%2Ftags&post=13789"}],"curies":[{"name":"wp","href":"https:\/\/api.w.org\/{rel}","templated":true}]}}