{"id":13801,"date":"2025-03-31T10:02:52","date_gmt":"2025-03-31T13:02:52","guid":{"rendered":"http:\/\/www.funceme.br\/?p=13801"},"modified":"2025-03-31T13:05:05","modified_gmt":"2025-03-31T16:05:05","slug":"previsao-do-tempo-aponta-chuvas-no-norte-do-ceara-e-temperaturas-elevadas-no-centro-sul-do-estado","status":"publish","type":"post","link":"http:\/\/www.funceme.br\/?p=13801","title":{"rendered":"Previs\u00e3o do tempo aponta chuvas no norte do Cear\u00e1 e temperaturas elevadas no centro-sul do estado"},"content":{"rendered":"<div id=\"attachment_13802\" style=\"width: 761px\" class=\"wp-caption aligncenter\"><img aria-describedby=\"caption-attachment-13802\" decoding=\"async\" loading=\"lazy\" class=\"wp-image-13802\" src=\"http:\/\/www.funceme.br\/wp-content\/uploads\/2025\/03\/WhatsApp-Image-2025-03-31-at-12.34.24-scaled.jpeg\" alt=\"No centro-sul, a diminui\u00e7\u00e3o da nebulosidade deve favorecer aumento do calor (FOTO: Marciel Bezerra)\" width=\"751\" height=\"563\" srcset=\"http:\/\/www.funceme.br\/wp-content\/uploads\/2025\/03\/WhatsApp-Image-2025-03-31-at-12.34.24-scaled.jpeg 2560w, http:\/\/www.funceme.br\/wp-content\/uploads\/2025\/03\/WhatsApp-Image-2025-03-31-at-12.34.24-600x450.jpeg 600w, http:\/\/www.funceme.br\/wp-content\/uploads\/2025\/03\/WhatsApp-Image-2025-03-31-at-12.34.24-1200x900.jpeg 1200w, http:\/\/www.funceme.br\/wp-content\/uploads\/2025\/03\/WhatsApp-Image-2025-03-31-at-12.34.24-768x576.jpeg 768w, http:\/\/www.funceme.br\/wp-content\/uploads\/2025\/03\/WhatsApp-Image-2025-03-31-at-12.34.24-1536x1152.jpeg 1536w, http:\/\/www.funceme.br\/wp-content\/uploads\/2025\/03\/WhatsApp-Image-2025-03-31-at-12.34.24-2048x1536.jpeg 2048w\" sizes=\"(max-width: 751px) 100vw, 751px\" \/><p id=\"caption-attachment-13802\" class=\"wp-caption-text\"><span style=\"color: #6b6b6b;\"><em>No centro-sul, a diminui\u00e7\u00e3o da nebulosidade deve favorecer aumento do calor (FOTO: Marciel Bezerra)<\/em><\/span><\/p><\/div>\n<p class=\"\" data-start=\"105\" data-end=\"382\">A previs\u00e3o do tempo para o Cear\u00e1 entre esta segunda-feira (31) e quarta-feira (2) indica condi\u00e7\u00f5es favor\u00e1veis para chuvas nas macrorregi\u00f5es do Litoral, Ibiapaba e Maci\u00e7o de Baturit\u00e9. Nas demais \u00e1reas, as precipita\u00e7\u00f5es devem ocorrer de forma isolada e em per\u00edodos espec\u00edficos.<\/p>\n<p class=\"\" data-start=\"384\" data-end=\"685\">Nesta segunda-feira (31), o c\u00e9u deve permanecer entre parcialmente nublado e nublado, com chuvas de intensidade fraca a moderada concentradas no Litoral, Ibiapaba e norte do Sert\u00e3o Central, principalmente durante a manh\u00e3 e a tarde. \u00c0 noite, a tend\u00eancia \u00e9 de redu\u00e7\u00e3o das precipita\u00e7\u00f5es nessas regi\u00f5es.<\/p>\n<p class=\"\" data-start=\"687\" data-end=\"1022\">Para ter\u00e7a-feira (1) e quarta-feira (2), os maiores volumes de chuva devem continuar no norte do estado. No Litoral, as precipita\u00e7\u00f5es est\u00e3o previstas para o meio e final da manh\u00e3 de ter\u00e7a, enquanto na quarta devem ocorrer j\u00e1 na madrugada, estendendo-se pela manh\u00e3 e tarde. A intensidade das chuvas deve variar entre fraca e moderada.<\/p>\n<p class=\"\" data-start=\"1024\" data-end=\"1237\">No centro-sul do Cear\u00e1, incluindo as regi\u00f5es do Cariri, sul dos Inhamuns e da Jaguaribana, a diminui\u00e7\u00e3o da nebulosidade deve favorecer a eleva\u00e7\u00e3o das temperaturas durante as tardes, podendo atingir at\u00e9 37\u00b0C.<\/p>\n<p class=\"\" data-start=\"1239\" data-end=\"1594\">As chuvas previstas est\u00e3o associadas \u00e0 forma\u00e7\u00e3o de \u00e1reas de instabilidade, efeitos locais, como o sistema de brisa, temperatura e umidade elevadas, al\u00e9m da intera\u00e7\u00e3o dos ventos com o relevo e a aproxima\u00e7\u00e3o da Zona de Converg\u00eancia Intertropical (ZCIT). O V\u00f3rtice Cicl\u00f4nico de Altos N\u00edveis (VCAN) deve se deslocar para o norte do Brasil nos pr\u00f3ximos dias.<\/p>\n<h3 class=\"\" data-start=\"1596\" data-end=\"1652\"><strong data-start=\"1600\" data-end=\"1650\">Previs\u00e3o para Fortaleza e Regi\u00e3o Metropolitana<\/strong><\/h3>\n<p class=\"\" data-start=\"1654\" data-end=\"1933\">Na capital e cidades vizinhas, a previs\u00e3o indica chuvas entre segunda e quarta-feira, concentradas no final da madrugada e manh\u00e3, com intensidade variando de fraca a moderada. Al\u00e9m disso, h\u00e1 possibilidade de precipita\u00e7\u00f5es isoladas durante a tarde e noite de ter\u00e7a e quarta-feira.<\/p>\n","protected":false},"excerpt":{"rendered":"<p>A previs\u00e3o do tempo para o Cear\u00e1 entre esta segunda-feira (31) e quarta-feira (2) indica condi\u00e7\u00f5es favor\u00e1veis para chuvas nas macrorregi\u00f5es do Litoral, Ibiapaba e Maci\u00e7o de Baturit\u00e9. Nas demais \u00e1reas, as precipita\u00e7\u00f5es devem ocorrer de forma isolada e em per\u00edodos espec\u00edficos.<\/p>\n","protected":false},"author":4,"featured_media":13802,"comment_status":"closed","ping_status":"open","sticky":false,"template":"","format":"standard","meta":[],"categories":[81,15],"tags":[50,57,64],"acf":[],"_links":{"self":[{"href":"http:\/\/www.funceme.br\/index.php?rest_route=\/wp\/v2\/posts\/13801"}],"collection":[{"href":"http:\/\/www.funceme.br\/index.php?rest_route=\/wp\/v2\/posts"}],"about":[{"href":"http:\/\/www.funceme.br\/index.php?rest_route=\/wp\/v2\/types\/post"}],"author":[{"embeddable":true,"href":"http:\/\/www.funceme.br\/index.php?rest_route=\/wp\/v2\/users\/4"}],"replies":[{"embeddable":true,"href":"http:\/\/www.funceme.br\/index.php?rest_route=%2Fwp%2Fv2%2Fcomments&post=13801"}],"version-history":[{"count":1,"href":"http:\/\/www.funceme.br\/index.php?rest_route=\/wp\/v2\/posts\/13801\/revisions"}],"predecessor-version":[{"id":13803,"href":"http:\/\/www.funceme.br\/index.php?rest_route=\/wp\/v2\/posts\/13801\/revisions\/13803"}],"wp:featuredmedia":[{"embeddable":true,"href":"http:\/\/www.funceme.br\/index.php?rest_route=\/wp\/v2\/media\/13802"}],"wp:attachment":[{"href":"http:\/\/www.funceme.br\/index.php?rest_route=%2Fwp%2Fv2%2Fmedia&parent=13801"}],"wp:term":[{"taxonomy":"category","embeddable":true,"href":"http:\/\/www.funceme.br\/index.php?rest_route=%2Fwp%2Fv2%2Fcategories&post=13801"},{"taxonomy":"post_tag","embeddable":true,"href":"http:\/\/www.funceme.br\/index.php?rest_route=%2Fwp%2Fv2%2Ftags&post=13801"}],"curies":[{"name":"wp","href":"https:\/\/api.w.org\/{rel}","templated":true}]}}