{"id":13810,"date":"2025-04-02T15:01:12","date_gmt":"2025-04-02T18:01:12","guid":{"rendered":"http:\/\/www.funceme.br\/?p=13810"},"modified":"2025-04-03T15:03:03","modified_gmt":"2025-04-03T18:03:03","slug":"ceara-registra-chuvas-dentro-da-normalidade-em-marco-com-destaques-no-litoral-e-cariri","status":"publish","type":"post","link":"http:\/\/www.funceme.br\/?p=13810","title":{"rendered":"Cear\u00e1 registra chuvas dentro da normalidade em mar\u00e7o, com destaques no litoral e Cariri"},"content":{"rendered":"<div id=\"attachment_13811\" style=\"width: 760px\" class=\"wp-caption aligncenter\"><img aria-describedby=\"caption-attachment-13811\" decoding=\"async\" loading=\"lazy\" class=\"wp-image-13811\" src=\"http:\/\/www.funceme.br\/wp-content\/uploads\/2025\/04\/WhatsApp-Image-2025-04-03-at-06.27.06-scaled.jpeg\" alt=\"No Cariri, a precipita\u00e7\u00e3o ficou 19% acima da m\u00e9dia. (FOTO: Marciel Bezerra)\" width=\"750\" height=\"563\" srcset=\"http:\/\/www.funceme.br\/wp-content\/uploads\/2025\/04\/WhatsApp-Image-2025-04-03-at-06.27.06-scaled.jpeg 2560w, http:\/\/www.funceme.br\/wp-content\/uploads\/2025\/04\/WhatsApp-Image-2025-04-03-at-06.27.06-600x450.jpeg 600w, http:\/\/www.funceme.br\/wp-content\/uploads\/2025\/04\/WhatsApp-Image-2025-04-03-at-06.27.06-1200x900.jpeg 1200w, http:\/\/www.funceme.br\/wp-content\/uploads\/2025\/04\/WhatsApp-Image-2025-04-03-at-06.27.06-768x576.jpeg 768w, http:\/\/www.funceme.br\/wp-content\/uploads\/2025\/04\/WhatsApp-Image-2025-04-03-at-06.27.06-1536x1152.jpeg 1536w, http:\/\/www.funceme.br\/wp-content\/uploads\/2025\/04\/WhatsApp-Image-2025-04-03-at-06.27.06-2048x1536.jpeg 2048w\" sizes=\"(max-width: 750px) 100vw, 750px\" \/><p id=\"caption-attachment-13811\" class=\"wp-caption-text\"><span style=\"color: #6b6b6b;\"><em>No Cariri, a precipita\u00e7\u00e3o ficou 19% acima da m\u00e9dia. (FOTO: Marciel Bezerra)<\/em><\/span><\/p><\/div>\n<p>O m\u00eas de mar\u00e7o de 2025 apresentou chuvas dentro da normalidade no Cear\u00e1, segundo balan\u00e7o da Funda\u00e7\u00e3o Cearense de Meteorologia e Recursos H\u00eddricos (Funceme). Algumas regi\u00f5es, especialmente a faixa litor\u00e2nea, registraram acumulados expressivos, impulsionados pela atua\u00e7\u00e3o da Zona de Converg\u00eancia Intertropical (ZCIT).<\/p>\n<p>Nos litorais de Fortaleza e Pec\u00e9m, os acumulados pluviom\u00e9tricos ultrapassaram os 300 mil\u00edmetros. Dados semelhantes foram observados na regi\u00e3o do Cariri e no sul do Sert\u00e3o Central e Inhamuns.<\/p>\n<p>Em termos de varia\u00e7\u00e3o percentual, o Litoral de Fortaleza registrou um desvio positivo de 22%, enquanto o Maci\u00e7o de Baturit\u00e9 teve um excedente de 23%. No Cariri, a precipita\u00e7\u00e3o ficou 19% acima da m\u00e9dia. Em contrapartida, algumas \u00e1reas do estado apresentaram d\u00e9ficit, com destaque para a regi\u00e3o da Ibiapaba e Jaguaribana.<\/p>\n<p><strong>Motivos<\/strong><\/p>\n<p>A atua\u00e7\u00e3o da ZCIT foi determinante para os acumulados significativos de chuva, sobretudo na faixa litor\u00e2nea. No centro-sul do estado, entre os dias 15 e 18 de mar\u00e7o, a combina\u00e7\u00e3o entre calor, umidade, relevo e a forma\u00e7\u00e3o de uma banda dupla da ZCIT favoreceu precipita\u00e7\u00f5es intensas, com destaque para os munic\u00edpios de Acopiara, V\u00e1rzea Alegre e Cari\u00fas.<\/p>\n<p><strong>Recarga h\u00eddrica<\/strong><\/p>\n<p>O volume dos reservat\u00f3rios monitorados pela Companhia de Gest\u00e3o dos Recursos H\u00eddricos (Cogerh) encerrou o m\u00eas com 51% de sua capacidade, um aumento de 13 pontos percentuais em rela\u00e7\u00e3o ao mesmo per\u00edodo de 2024.<\/p>\n<p>A quadra chuvosa no estado segue at\u00e9 maio, mantendo as condi\u00e7\u00f5es favor\u00e1veis \u00e0 ocorr\u00eancia de precipita\u00e7\u00f5es no norte, principalmente.<\/p>\n","protected":false},"excerpt":{"rendered":"<p>O m\u00eas de mar\u00e7o de 2025 apresentou chuvas dentro da normalidade no Cear\u00e1, segundo balan\u00e7o da Funda\u00e7\u00e3o Cearense de Meteorologia e Recursos H\u00eddricos (Funceme).<\/p>\n","protected":false},"author":4,"featured_media":13811,"comment_status":"closed","ping_status":"open","sticky":false,"template":"","format":"standard","meta":[],"categories":[81,15],"tags":[50,57,64,49,217],"acf":[],"_links":{"self":[{"href":"http:\/\/www.funceme.br\/index.php?rest_route=\/wp\/v2\/posts\/13810"}],"collection":[{"href":"http:\/\/www.funceme.br\/index.php?rest_route=\/wp\/v2\/posts"}],"about":[{"href":"http:\/\/www.funceme.br\/index.php?rest_route=\/wp\/v2\/types\/post"}],"author":[{"embeddable":true,"href":"http:\/\/www.funceme.br\/index.php?rest_route=\/wp\/v2\/users\/4"}],"replies":[{"embeddable":true,"href":"http:\/\/www.funceme.br\/index.php?rest_route=%2Fwp%2Fv2%2Fcomments&post=13810"}],"version-history":[{"count":1,"href":"http:\/\/www.funceme.br\/index.php?rest_route=\/wp\/v2\/posts\/13810\/revisions"}],"predecessor-version":[{"id":13813,"href":"http:\/\/www.funceme.br\/index.php?rest_route=\/wp\/v2\/posts\/13810\/revisions\/13813"}],"wp:featuredmedia":[{"embeddable":true,"href":"http:\/\/www.funceme.br\/index.php?rest_route=\/wp\/v2\/media\/13811"}],"wp:attachment":[{"href":"http:\/\/www.funceme.br\/index.php?rest_route=%2Fwp%2Fv2%2Fmedia&parent=13810"}],"wp:term":[{"taxonomy":"category","embeddable":true,"href":"http:\/\/www.funceme.br\/index.php?rest_route=%2Fwp%2Fv2%2Fcategories&post=13810"},{"taxonomy":"post_tag","embeddable":true,"href":"http:\/\/www.funceme.br\/index.php?rest_route=%2Fwp%2Fv2%2Ftags&post=13810"}],"curies":[{"name":"wp","href":"https:\/\/api.w.org\/{rel}","templated":true}]}}