{"id":13816,"date":"2025-04-04T11:52:33","date_gmt":"2025-04-04T14:52:33","guid":{"rendered":"http:\/\/www.funceme.br\/?p=13816"},"modified":"2025-04-04T11:52:33","modified_gmt":"2025-04-04T14:52:33","slug":"fim-de-semana-principais-chuvas-deverao-ocorrer-entre-sexta-4-e-sabado-5","status":"publish","type":"post","link":"http:\/\/www.funceme.br\/?p=13816","title":{"rendered":"Fim de semana: principais chuvas dever\u00e3o ocorrer entre sexta (4) e s\u00e1bado (5)"},"content":{"rendered":"<div id=\"attachment_13817\" style=\"width: 760px\" class=\"wp-caption aligncenter\"><img aria-describedby=\"caption-attachment-13817\" decoding=\"async\" loading=\"lazy\" class=\"wp-image-13817\" src=\"http:\/\/www.funceme.br\/wp-content\/uploads\/2025\/04\/WhatsApp-Image-2025-03-28-at-11.17.34-scaled.jpeg\" alt=\"O s\u00e1bado deve ser o dia com maior instabilidade atmosf\u00e9rica. (FOTO: Marciel Bezerra)\" width=\"750\" height=\"563\" srcset=\"http:\/\/www.funceme.br\/wp-content\/uploads\/2025\/04\/WhatsApp-Image-2025-03-28-at-11.17.34-scaled.jpeg 2560w, http:\/\/www.funceme.br\/wp-content\/uploads\/2025\/04\/WhatsApp-Image-2025-03-28-at-11.17.34-600x450.jpeg 600w, http:\/\/www.funceme.br\/wp-content\/uploads\/2025\/04\/WhatsApp-Image-2025-03-28-at-11.17.34-1200x900.jpeg 1200w, http:\/\/www.funceme.br\/wp-content\/uploads\/2025\/04\/WhatsApp-Image-2025-03-28-at-11.17.34-768x576.jpeg 768w, http:\/\/www.funceme.br\/wp-content\/uploads\/2025\/04\/WhatsApp-Image-2025-03-28-at-11.17.34-1536x1152.jpeg 1536w, http:\/\/www.funceme.br\/wp-content\/uploads\/2025\/04\/WhatsApp-Image-2025-03-28-at-11.17.34-2048x1536.jpeg 2048w\" sizes=\"(max-width: 750px) 100vw, 750px\" \/><p id=\"caption-attachment-13817\" class=\"wp-caption-text\"><span style=\"color: #6b6b6b;\"><em>O s\u00e1bado deve ser o dia com maior instabilidade atmosf\u00e9rica. (FOTO: Marciel Bezerra)<\/em><\/span><\/p><\/div>\n<p>A Funda\u00e7\u00e3o Cearense de Meteorologia e Recursos H\u00eddricos (Funceme) prev\u00ea um fim de semana com condi\u00e7\u00f5es favor\u00e1veis para chuvas em todas as macrorregi\u00f5es do estado, entre esta sexta-feira (4) e o domingo (6).<\/p>\n<p>As precipita\u00e7\u00f5es s\u00e3o influenciadas principalmente pela atua\u00e7\u00e3o da Zona de Converg\u00eancia Intertropical (ZCIT), que se posiciona ao sul do equador, aliada a fatores locais como o sistema de brisa, altas temperaturas, elevada umidade e a intera\u00e7\u00e3o dos ventos com o relevo cearense.<\/p>\n<p>Nesta sexta-feira, o c\u00e9u dever\u00e1 variar de nublado a parcialmente nublado, com registros de chuva concentrados em regi\u00f5es como o Litoral de Fortaleza, Litoral do Pec\u00e9m, Litoral Norte e Maci\u00e7o de Baturit\u00e9 at\u00e9 o per\u00edodo da tarde.<\/p>\n<p>\u00c1reas como Cariri e Sert\u00e3o Central e Inhamuns tamb\u00e9m poder\u00e3o registrar precipta\u00e7\u00f5es isoladas. Durante a tarde, as precipita\u00e7\u00f5es devem se concentrar no Litoral Norte, Ibiapaba e Litoral do Pec\u00e9m, enquanto \u00e0 noite a tend\u00eancia \u00e9 de maior estabilidade atmosf\u00e9rica, com chuvas isoladas especialmente na Jaguaribana, Cariri e Ibiapaba. Os registros ao longo do dia devem ser predominantemente fracos, com momentos de intensidade moderada.<\/p>\n<p><strong>S\u00e1bado com maior abrang\u00eancia e possibilidade de trovoadas<\/strong><\/p>\n<p>O s\u00e1bado deve ser o dia com maior instabilidade atmosf\u00e9rica. A Funceme prev\u00ea c\u00e9u de nublado a parcialmente nublado durante todo o dia, com chuvas isoladas desde a madrugada em \u00e1reas litor\u00e2neas, Maci\u00e7o de Baturit\u00e9, Cariri e sul do Sert\u00e3o Central e Inhamuns.<\/p>\n<p>Pela manh\u00e3, as chuvas devem se intensificar na Regi\u00e3o Metropolitana de Fortaleza e no Litoral do Pec\u00e9m. \u00c0 tarde, o destaque fica por conta das chuvas acompanhadas de trovoadas no centro-norte do estado, com possibilidade de intensidade forte em regi\u00f5es como Litoral Norte, Ibiapaba, Sert\u00e3o Central e Jaguaribana. \u00c0 noite, as precipita\u00e7\u00f5es mais intensas devem ocorrer na Jaguaribana e no Sert\u00e3o Central e Inhamuns.<\/p>\n<p><strong>Domingo com redu\u00e7\u00e3o das chuvas<\/strong><\/p>\n<p>No domingo, a tend\u00eancia \u00e9 de diminui\u00e7\u00e3o na \u00e1rea de cobertura das chuvas, com o c\u00e9u variando entre parcialmente nublado e limpo em algumas regi\u00f5es. A previs\u00e3o aponta chuvas isoladas principalmente durante a madrugada e manh\u00e3 no Litoral de Fortaleza, Cariri e Sert\u00e3o Central, com registros tamb\u00e9m \u00e0 tarde e \u00e0 noite em localidades como Jaguaribana e Litoral Norte.<\/p>\n<p><strong>Condi\u00e7\u00f5es para Fortaleza e Regi\u00e3o Metropolitana<\/strong><\/p>\n<p>Na capital cearense e munic\u00edpios vizinhos, as precipita\u00e7\u00f5es dever\u00e3o cessar a partir da tarde e com maior estabilidade \u00e0 noite<\/p>\n<p>O s\u00e1bado deve apresentar cen\u00e1rio para mais precipita\u00e7\u00f5es, especialmente pela manh\u00e3, com continuidade durante a tarde.<\/p>\n<p>J\u00e1 no domingo, a previs\u00e3o \u00e9 de chuvas isoladas na madrugada e manh\u00e3, com c\u00e9u mais limpo nos per\u00edodos da tarde e noite.<\/p>\n","protected":false},"excerpt":{"rendered":"<p>A Funda\u00e7\u00e3o Cearense de Meteorologia e Recursos H\u00eddricos (Funceme) prev\u00ea um fim de semana com condi\u00e7\u00f5es favor\u00e1veis para chuvas em todas as macrorregi\u00f5es do estado, entre esta sexta-feira (4) e o domingo (6).<\/p>\n","protected":false},"author":4,"featured_media":13817,"comment_status":"closed","ping_status":"open","sticky":false,"template":"","format":"standard","meta":[],"categories":[81,15],"tags":[57,170],"acf":[],"_links":{"self":[{"href":"http:\/\/www.funceme.br\/index.php?rest_route=\/wp\/v2\/posts\/13816"}],"collection":[{"href":"http:\/\/www.funceme.br\/index.php?rest_route=\/wp\/v2\/posts"}],"about":[{"href":"http:\/\/www.funceme.br\/index.php?rest_route=\/wp\/v2\/types\/post"}],"author":[{"embeddable":true,"href":"http:\/\/www.funceme.br\/index.php?rest_route=\/wp\/v2\/users\/4"}],"replies":[{"embeddable":true,"href":"http:\/\/www.funceme.br\/index.php?rest_route=%2Fwp%2Fv2%2Fcomments&post=13816"}],"version-history":[{"count":1,"href":"http:\/\/www.funceme.br\/index.php?rest_route=\/wp\/v2\/posts\/13816\/revisions"}],"predecessor-version":[{"id":13818,"href":"http:\/\/www.funceme.br\/index.php?rest_route=\/wp\/v2\/posts\/13816\/revisions\/13818"}],"wp:featuredmedia":[{"embeddable":true,"href":"http:\/\/www.funceme.br\/index.php?rest_route=\/wp\/v2\/media\/13817"}],"wp:attachment":[{"href":"http:\/\/www.funceme.br\/index.php?rest_route=%2Fwp%2Fv2%2Fmedia&parent=13816"}],"wp:term":[{"taxonomy":"category","embeddable":true,"href":"http:\/\/www.funceme.br\/index.php?rest_route=%2Fwp%2Fv2%2Fcategories&post=13816"},{"taxonomy":"post_tag","embeddable":true,"href":"http:\/\/www.funceme.br\/index.php?rest_route=%2Fwp%2Fv2%2Ftags&post=13816"}],"curies":[{"name":"wp","href":"https:\/\/api.w.org\/{rel}","templated":true}]}}