{"id":13839,"date":"2025-04-10T10:08:30","date_gmt":"2025-04-10T13:08:30","guid":{"rendered":"http:\/\/www.funceme.br\/?p=13839"},"modified":"2025-04-10T10:08:30","modified_gmt":"2025-04-10T13:08:30","slug":"centro-norte-do-ceara-segue-com-chuvas-nesta-quinta-feira-tendencia-e-de-reducao-no-sabado","status":"publish","type":"post","link":"http:\/\/www.funceme.br\/?p=13839","title":{"rendered":"Centro-norte do Cear\u00e1 segue com chuvas nesta quinta-feira; tend\u00eancia \u00e9 de redu\u00e7\u00e3o no s\u00e1bado"},"content":{"rendered":"<div id=\"attachment_13840\" style=\"width: 760px\" class=\"wp-caption aligncenter\"><img aria-describedby=\"caption-attachment-13840\" decoding=\"async\" loading=\"lazy\" class=\"wp-image-13840\" src=\"http:\/\/www.funceme.br\/wp-content\/uploads\/2025\/04\/WhatsApp-Image-2025-04-08-at-06.17.15-scaled.jpeg\" alt=\"Para o s\u00e1bado (12), a expectativa inicial \u00e9 de redu\u00e7\u00e3o nas chuvas em todo o territ\u00f3rio cearense.  (FOTO: Marciel Bezerra)\" width=\"750\" height=\"563\" srcset=\"http:\/\/www.funceme.br\/wp-content\/uploads\/2025\/04\/WhatsApp-Image-2025-04-08-at-06.17.15-scaled.jpeg 2560w, http:\/\/www.funceme.br\/wp-content\/uploads\/2025\/04\/WhatsApp-Image-2025-04-08-at-06.17.15-600x450.jpeg 600w, http:\/\/www.funceme.br\/wp-content\/uploads\/2025\/04\/WhatsApp-Image-2025-04-08-at-06.17.15-1200x900.jpeg 1200w, http:\/\/www.funceme.br\/wp-content\/uploads\/2025\/04\/WhatsApp-Image-2025-04-08-at-06.17.15-768x576.jpeg 768w, http:\/\/www.funceme.br\/wp-content\/uploads\/2025\/04\/WhatsApp-Image-2025-04-08-at-06.17.15-1536x1152.jpeg 1536w, http:\/\/www.funceme.br\/wp-content\/uploads\/2025\/04\/WhatsApp-Image-2025-04-08-at-06.17.15-2048x1536.jpeg 2048w\" sizes=\"(max-width: 750px) 100vw, 750px\" \/><p id=\"caption-attachment-13840\" class=\"wp-caption-text\"><span style=\"color: #6b6b6b;\"><em>Para o s\u00e1bado (12), a expectativa inicial \u00e9 de redu\u00e7\u00e3o nas chuvas em todo o territ\u00f3rio cearense. (FOTO: Marciel Bezerra)<\/em><\/span><\/p><\/div>\n<p>A Funda\u00e7\u00e3o Cearense de Meteorologia e Recursos H\u00eddricos (Funceme) prev\u00ea, para esta quinta-feira (10), chuvas intermitentes de intensidade fraca a moderada em toda a por\u00e7\u00e3o centro-norte do Cear\u00e1. A ocorr\u00eancia est\u00e1 associada \u00e0 presen\u00e7a de \u00e1reas de instabilidade atmosf\u00e9rica e \u00e0 influ\u00eancia de fatores locais, como a brisa e o relevo.<\/p>\n<p>\u00c0 noite, a possibilidade de chuva se estende para o Cariri, Sert\u00e3o Central, Inhamuns e o sul da macrorregi\u00e3o Jaguaribana, ainda com intensidade variando entre fraca e moderada.<\/p>\n<p>Na sexta-feira (11), as precipita\u00e7\u00f5es tendem a se concentrar no centro-sul do estado, especialmente durante a madrugada e manh\u00e3. J\u00e1 no litoral, h\u00e1 previs\u00e3o de chuvas isoladas nesses mesmos per\u00edodos. No noroeste cearense, as chuvas devem ocorrer \u00e0 tarde, enquanto o centro-sul volta a ter precipita\u00e7\u00f5es \u00e0 noite.<\/p>\n<p>Para o s\u00e1bado (12), a expectativa inicial \u00e9 de redu\u00e7\u00e3o nas chuvas em todo o territ\u00f3rio cearense. No entanto, ainda poder\u00e1 haver registros pontuais na faixa litor\u00e2nea e no extremo sul, principalmente durante a madrugada e manh\u00e3.<\/p>\n<p>Os acumulados seguem influenciados pelo avan\u00e7o de \u00e1reas de instabilidade oriundas do oceano Atl\u00e2ntico, associadas \u00e0 Zona de Converg\u00eancia Intertropical (ZCIT), al\u00e9m da atua\u00e7\u00e3o da brisa mar\u00edtima e de elementos geogr\u00e1ficos locais.<\/p>\n<p>Previs\u00e3o para Fortaleza e RMF<\/p>\n<p>Na Capital e Regi\u00e3o Metropolitana, esta quinta-feira deve apresentar c\u00e9u parcialmente nublado com chuvas intermitentes, sobretudo nas \u00e1reas mais afastadas do litoral.<\/p>\n<p>A tend\u00eancia \u00e9 de redu\u00e7\u00e3o das chuvas ao longo da tarde e noite. Na sexta-feira e no s\u00e1bado, h\u00e1 expectativa de chuvas fracas e passageiras nas primeiras horas do dia, seguidas por per\u00edodos de c\u00e9u com poucas nuvens.<\/p>\n","protected":false},"excerpt":{"rendered":"<p>A Funda\u00e7\u00e3o Cearense de Meteorologia e Recursos H\u00eddricos (Funceme) prev\u00ea, para esta quinta-feira (10), chuvas intermitentes de intensidade fraca a moderada em toda a por\u00e7\u00e3o centro-norte do Cear\u00e1. A ocorr\u00eancia est\u00e1 associada \u00e0 presen\u00e7a de \u00e1reas de instabilidade atmosf\u00e9rica e \u00e0 influ\u00eancia de fatores locais, como a brisa e o relevo.<\/p>\n","protected":false},"author":4,"featured_media":13840,"comment_status":"closed","ping_status":"open","sticky":false,"template":"","format":"standard","meta":[],"categories":[81,15],"tags":[50,57,47,101],"acf":[],"_links":{"self":[{"href":"http:\/\/www.funceme.br\/index.php?rest_route=\/wp\/v2\/posts\/13839"}],"collection":[{"href":"http:\/\/www.funceme.br\/index.php?rest_route=\/wp\/v2\/posts"}],"about":[{"href":"http:\/\/www.funceme.br\/index.php?rest_route=\/wp\/v2\/types\/post"}],"author":[{"embeddable":true,"href":"http:\/\/www.funceme.br\/index.php?rest_route=\/wp\/v2\/users\/4"}],"replies":[{"embeddable":true,"href":"http:\/\/www.funceme.br\/index.php?rest_route=%2Fwp%2Fv2%2Fcomments&post=13839"}],"version-history":[{"count":1,"href":"http:\/\/www.funceme.br\/index.php?rest_route=\/wp\/v2\/posts\/13839\/revisions"}],"predecessor-version":[{"id":13841,"href":"http:\/\/www.funceme.br\/index.php?rest_route=\/wp\/v2\/posts\/13839\/revisions\/13841"}],"wp:featuredmedia":[{"embeddable":true,"href":"http:\/\/www.funceme.br\/index.php?rest_route=\/wp\/v2\/media\/13840"}],"wp:attachment":[{"href":"http:\/\/www.funceme.br\/index.php?rest_route=%2Fwp%2Fv2%2Fmedia&parent=13839"}],"wp:term":[{"taxonomy":"category","embeddable":true,"href":"http:\/\/www.funceme.br\/index.php?rest_route=%2Fwp%2Fv2%2Fcategories&post=13839"},{"taxonomy":"post_tag","embeddable":true,"href":"http:\/\/www.funceme.br\/index.php?rest_route=%2Fwp%2Fv2%2Ftags&post=13839"}],"curies":[{"name":"wp","href":"https:\/\/api.w.org\/{rel}","templated":true}]}}