{"id":13871,"date":"2025-04-16T15:24:05","date_gmt":"2025-04-16T18:24:05","guid":{"rendered":"http:\/\/www.funceme.br\/?p=13871"},"modified":"2025-04-16T15:24:05","modified_gmt":"2025-04-16T18:24:05","slug":"previsao-segue-com-previsao-de-chuvas-pontuais-e-aumento-das-temperaturas-nos-proximos-dias","status":"publish","type":"post","link":"http:\/\/www.funceme.br\/?p=13871","title":{"rendered":"Previs\u00e3o segue com previs\u00e3o de chuvas pontuais e aumento das temperaturas nos pr\u00f3ximos dias"},"content":{"rendered":"<div id=\"attachment_13872\" style=\"width: 760px\" class=\"wp-caption aligncenter\"><img aria-describedby=\"caption-attachment-13872\" decoding=\"async\" loading=\"lazy\" class=\"wp-image-13872\" src=\"http:\/\/www.funceme.br\/wp-content\/uploads\/2025\/04\/WhatsApp-Image-2025-03-31-at-12.34.26-scaled.jpeg\" alt=\"Al\u00e9m da diminui\u00e7\u00e3o das chuvas, o cen\u00e1rio de maior estabilidade atmosf\u00e9rica dever\u00e1 contribuir para a eleva\u00e7\u00e3o das temperaturas em grande parte do estado. (FOTO: Marciel Bezerra)\" width=\"750\" height=\"563\" srcset=\"http:\/\/www.funceme.br\/wp-content\/uploads\/2025\/04\/WhatsApp-Image-2025-03-31-at-12.34.26-scaled.jpeg 2560w, http:\/\/www.funceme.br\/wp-content\/uploads\/2025\/04\/WhatsApp-Image-2025-03-31-at-12.34.26-600x450.jpeg 600w, http:\/\/www.funceme.br\/wp-content\/uploads\/2025\/04\/WhatsApp-Image-2025-03-31-at-12.34.26-1200x900.jpeg 1200w, http:\/\/www.funceme.br\/wp-content\/uploads\/2025\/04\/WhatsApp-Image-2025-03-31-at-12.34.26-768x576.jpeg 768w, http:\/\/www.funceme.br\/wp-content\/uploads\/2025\/04\/WhatsApp-Image-2025-03-31-at-12.34.26-1536x1152.jpeg 1536w, http:\/\/www.funceme.br\/wp-content\/uploads\/2025\/04\/WhatsApp-Image-2025-03-31-at-12.34.26-2048x1536.jpeg 2048w\" sizes=\"(max-width: 750px) 100vw, 750px\" \/><p id=\"caption-attachment-13872\" class=\"wp-caption-text\"><em>Al\u00e9m da diminui\u00e7\u00e3o das chuvas, o cen\u00e1rio de maior estabilidade atmosf\u00e9rica dever\u00e1 contribuir para a eleva\u00e7\u00e3o das temperaturas em grande parte do estado. (FOTO: Marciel Bezerra)<\/em><\/p><\/div>\n<p>A tend\u00eancia para os pr\u00f3ximos dias no Cear\u00e1 \u00e9 de tempo mais est\u00e1vel em todas as macrorregi\u00f5es, conforme aponta a Funda\u00e7\u00e3o Cearense de Meteorologia e Recursos H\u00eddricos (Funceme).<\/p>\n<p>As condi\u00e7\u00f5es de tempo devem-se ao afastamento da Zona de Converg\u00eancia Intertropical (ZCIT), principal sistema respons\u00e1vel pelas precipita\u00e7\u00f5es no estado durante esta \u00e9poca do ano.<\/p>\n<p>Com isso, a tend\u00eancia \u00e9 de redu\u00e7\u00e3o tanto na \u00e1rea quanto nos acumulados de precipita\u00e7\u00e3o. Ainda assim, chuvas isoladas podem ocorrer, especialmente nos per\u00edodos da tarde e da madrugada, influenciadas por fatores locais como o sistema de brisa, relevo, al\u00e9m da alta umidade e das temperaturas elevadas.<\/p>\n<p>As regi\u00f5es com maior chance de ocorr\u00eancia dessas precipita\u00e7\u00f5es s\u00e3o a Ibiapaba, o Litoral Norte, o Litoral do Pec\u00e9m, o Litoral de Fortaleza, o Maci\u00e7o de Baturit\u00e9 e o norte das macrorregi\u00f5es da Jaguaribana e do Sert\u00e3o Central e Inhamuns.<\/p>\n<p>Al\u00e9m da diminui\u00e7\u00e3o das chuvas, o cen\u00e1rio de maior estabilidade atmosf\u00e9rica dever\u00e1 contribuir para a eleva\u00e7\u00e3o das temperaturas em grande parte do estado. As macrorregi\u00f5es da Jaguaribana, do Litoral Norte e do Sert\u00e3o Central e Inhamuns devem registrar os maiores valores, com temperaturas m\u00e1ximas que podem ultrapassar os 34\u00b0C e at\u00e9 mesmo os 36\u00b0C.<\/p>\n","protected":false},"excerpt":{"rendered":"<p>A tend\u00eancia para os pr\u00f3ximos dias no Cear\u00e1 \u00e9 de tempo mais est\u00e1vel em todas as macrorregi\u00f5es, conforme aponta a Funda\u00e7\u00e3o Cearense de Meteorologia e Recursos H\u00eddricos (Funceme).<\/p>\n","protected":false},"author":4,"featured_media":13872,"comment_status":"closed","ping_status":"open","sticky":false,"template":"","format":"standard","meta":[],"categories":[81,15],"tags":[66,74,506],"acf":[],"_links":{"self":[{"href":"http:\/\/www.funceme.br\/index.php?rest_route=\/wp\/v2\/posts\/13871"}],"collection":[{"href":"http:\/\/www.funceme.br\/index.php?rest_route=\/wp\/v2\/posts"}],"about":[{"href":"http:\/\/www.funceme.br\/index.php?rest_route=\/wp\/v2\/types\/post"}],"author":[{"embeddable":true,"href":"http:\/\/www.funceme.br\/index.php?rest_route=\/wp\/v2\/users\/4"}],"replies":[{"embeddable":true,"href":"http:\/\/www.funceme.br\/index.php?rest_route=%2Fwp%2Fv2%2Fcomments&post=13871"}],"version-history":[{"count":1,"href":"http:\/\/www.funceme.br\/index.php?rest_route=\/wp\/v2\/posts\/13871\/revisions"}],"predecessor-version":[{"id":13873,"href":"http:\/\/www.funceme.br\/index.php?rest_route=\/wp\/v2\/posts\/13871\/revisions\/13873"}],"wp:featuredmedia":[{"embeddable":true,"href":"http:\/\/www.funceme.br\/index.php?rest_route=\/wp\/v2\/media\/13872"}],"wp:attachment":[{"href":"http:\/\/www.funceme.br\/index.php?rest_route=%2Fwp%2Fv2%2Fmedia&parent=13871"}],"wp:term":[{"taxonomy":"category","embeddable":true,"href":"http:\/\/www.funceme.br\/index.php?rest_route=%2Fwp%2Fv2%2Fcategories&post=13871"},{"taxonomy":"post_tag","embeddable":true,"href":"http:\/\/www.funceme.br\/index.php?rest_route=%2Fwp%2Fv2%2Ftags&post=13871"}],"curies":[{"name":"wp","href":"https:\/\/api.w.org\/{rel}","templated":true}]}}