{"id":13929,"date":"2025-04-17T10:51:15","date_gmt":"2025-04-17T13:51:15","guid":{"rendered":"http:\/\/www.funceme.br\/?p=13929"},"modified":"2025-04-23T11:05:27","modified_gmt":"2025-04-23T14:05:27","slug":"area-sem-seca-relativa-no-ceara-cresce-em-marco-aponta-monitor","status":"publish","type":"post","link":"http:\/\/www.funceme.br\/?p=13929","title":{"rendered":"\u00c1rea sem seca relativa no Cear\u00e1 cresce em mar\u00e7o, aponta Monitor"},"content":{"rendered":"<p><img decoding=\"async\" loading=\"lazy\" class=\"wp-image-13930 aligncenter\" src=\"http:\/\/www.funceme.br\/wp-content\/uploads\/2025\/04\/129_marco2025.png\" alt=\"\" width=\"750\" height=\"1061\" srcset=\"http:\/\/www.funceme.br\/wp-content\/uploads\/2025\/04\/129_marco2025.png 2480w, http:\/\/www.funceme.br\/wp-content\/uploads\/2025\/04\/129_marco2025-600x848.png 600w, http:\/\/www.funceme.br\/wp-content\/uploads\/2025\/04\/129_marco2025-1200x1697.png 1200w, http:\/\/www.funceme.br\/wp-content\/uploads\/2025\/04\/129_marco2025-768x1086.png 768w, http:\/\/www.funceme.br\/wp-content\/uploads\/2025\/04\/129_marco2025-1086x1536.png 1086w, http:\/\/www.funceme.br\/wp-content\/uploads\/2025\/04\/129_marco2025-1448x2048.png 1448w\" sizes=\"(max-width: 750px) 100vw, 750px\" \/><\/p>\n<p>A \u00e1rea sem seca relativa no estado do Cear\u00e1 aumentou entre os meses de fevereiro e mar\u00e7o, conforme o \u00faltimo mapa elaborapelo Monitor de Secas.<\/p>\n<p>Conforme a ferramenta de monitoramento, o estado apresentava, em fevereiro, 67,58% do seu territ\u00f3rio sem seca relativa, expadindo para 80,04% no \u00faltimo m\u00eas.<\/p>\n<p>Este cen\u00e1rio de melhoria se deu, principalmente, pelas precipita\u00e7\u00f5es deste per\u00edodo da Quadra Chuvosa. Conforme a Funda\u00e7\u00e3o Cearense de Meteorologia e Recursos H\u00eddricos (Funceme), no bimestre fevereiro-mar\u00e7o o observado foi de 330,7 mil\u00edmetros, acumulado considerado dentro da normalidade.<\/p>\n<p>Atualmente, a seca est\u00e1 concentrada no extremo sul do estado e em parte da Jaguaribana. Al\u00e9m disso, apresenta o n\u00edvel mais brando, que \u00e9 o de seca fraca e os impactos s\u00e3o de curto prazo.<\/p>\n","protected":false},"excerpt":{"rendered":"<p>A \u00e1rea sem seca relativa no estado do Cear\u00e1 aumentou entre os meses de fevereiro e mar\u00e7o, conforme o \u00faltimo mapa elaborapelo Monitor de Secas.<\/p>\n","protected":false},"author":4,"featured_media":13930,"comment_status":"closed","ping_status":"open","sticky":false,"template":"","format":"standard","meta":[],"categories":[88,15],"tags":[89],"acf":[],"_links":{"self":[{"href":"http:\/\/www.funceme.br\/index.php?rest_route=\/wp\/v2\/posts\/13929"}],"collection":[{"href":"http:\/\/www.funceme.br\/index.php?rest_route=\/wp\/v2\/posts"}],"about":[{"href":"http:\/\/www.funceme.br\/index.php?rest_route=\/wp\/v2\/types\/post"}],"author":[{"embeddable":true,"href":"http:\/\/www.funceme.br\/index.php?rest_route=\/wp\/v2\/users\/4"}],"replies":[{"embeddable":true,"href":"http:\/\/www.funceme.br\/index.php?rest_route=%2Fwp%2Fv2%2Fcomments&post=13929"}],"version-history":[{"count":3,"href":"http:\/\/www.funceme.br\/index.php?rest_route=\/wp\/v2\/posts\/13929\/revisions"}],"predecessor-version":[{"id":13933,"href":"http:\/\/www.funceme.br\/index.php?rest_route=\/wp\/v2\/posts\/13929\/revisions\/13933"}],"wp:featuredmedia":[{"embeddable":true,"href":"http:\/\/www.funceme.br\/index.php?rest_route=\/wp\/v2\/media\/13930"}],"wp:attachment":[{"href":"http:\/\/www.funceme.br\/index.php?rest_route=%2Fwp%2Fv2%2Fmedia&parent=13929"}],"wp:term":[{"taxonomy":"category","embeddable":true,"href":"http:\/\/www.funceme.br\/index.php?rest_route=%2Fwp%2Fv2%2Fcategories&post=13929"},{"taxonomy":"post_tag","embeddable":true,"href":"http:\/\/www.funceme.br\/index.php?rest_route=%2Fwp%2Fv2%2Ftags&post=13929"}],"curies":[{"name":"wp","href":"https:\/\/api.w.org\/{rel}","templated":true}]}}