{"id":13937,"date":"2025-04-25T10:56:55","date_gmt":"2025-04-25T13:56:55","guid":{"rendered":"http:\/\/www.funceme.br\/?p=13937"},"modified":"2025-04-25T10:56:55","modified_gmt":"2025-04-25T13:56:55","slug":"fim-de-semana-com-reducao-das-chuvas-e-aumento-das-temperaturas-no-centro-sul-do-ceara","status":"publish","type":"post","link":"http:\/\/www.funceme.br\/?p=13937","title":{"rendered":"Fim de semana com redu\u00e7\u00e3o das chuvas e aumento das temperaturas no centro-sul do Cear\u00e1"},"content":{"rendered":"<div id=\"attachment_13938\" style=\"width: 760px\" class=\"wp-caption aligncenter\"><img aria-describedby=\"caption-attachment-13938\" decoding=\"async\" loading=\"lazy\" class=\"wp-image-13938\" src=\"http:\/\/www.funceme.br\/wp-content\/uploads\/2025\/04\/WhatsApp-Image-2025-04-25-at-10.52.53.jpeg\" alt=\"As chuvas observadas nos pr\u00f3ximos dias est\u00e3o relacionadas ao avan\u00e7o de \u00e1reas de instabilidade vindas do oceano Atl\u00e2ntico e do leste nordestino, al\u00e9m de fatores locais como a atua\u00e7\u00e3o do sistema de brisa, relevo, umidade e temperaturas elevadas. (FOTO: Marciel Bezerra)\" width=\"750\" height=\"563\" srcset=\"http:\/\/www.funceme.br\/wp-content\/uploads\/2025\/04\/WhatsApp-Image-2025-04-25-at-10.52.53.jpeg 1600w, http:\/\/www.funceme.br\/wp-content\/uploads\/2025\/04\/WhatsApp-Image-2025-04-25-at-10.52.53-600x450.jpeg 600w, http:\/\/www.funceme.br\/wp-content\/uploads\/2025\/04\/WhatsApp-Image-2025-04-25-at-10.52.53-1200x900.jpeg 1200w, http:\/\/www.funceme.br\/wp-content\/uploads\/2025\/04\/WhatsApp-Image-2025-04-25-at-10.52.53-768x576.jpeg 768w, http:\/\/www.funceme.br\/wp-content\/uploads\/2025\/04\/WhatsApp-Image-2025-04-25-at-10.52.53-1536x1152.jpeg 1536w\" sizes=\"(max-width: 750px) 100vw, 750px\" \/><p id=\"caption-attachment-13938\" class=\"wp-caption-text\"><em>As chuvas observadas nos pr\u00f3ximos dias est\u00e3o relacionadas ao avan\u00e7o de \u00e1reas de instabilidade vindas do oceano Atl\u00e2ntico e do leste nordestino, al\u00e9m de fatores locais. (FOTO: Marciel Bezerra)<\/em><\/p><\/div>\n<p>A Funda\u00e7\u00e3o Cearense de Meteorologia e Recursos H\u00eddricos (Funceme) prev\u00ea continuidade das chuvas no centro-norte do estado ao longo desta sexta-feira (25). Pela manh\u00e3, a expectativa \u00e9 de precipita\u00e7\u00f5es na faixa litor\u00e2nea, enquanto \u00e0 tarde e \u00e0 noite as chuvas devem se concentrar nas macrorregi\u00f5es do Litoral Norte, Litoral do Pec\u00e9m, Ibiapaba, Sert\u00e3o Central e Inhamuns.<\/p>\n<p>No fim de semana, a tend\u00eancia \u00e9 de diminui\u00e7\u00e3o das chuvas em todo o estado. No s\u00e1bado (26), ainda s\u00e3o esperadas ocorr\u00eancias isoladas pela manh\u00e3 na faixa litor\u00e2nea e, \u00e0 tarde, na Ibiapaba e em \u00e1reas do norte do Sert\u00e3o Central e Inhamuns. J\u00e1 no domingo (27), as precipita\u00e7\u00f5es devem ser fracas e isoladas, restritas ao noroeste cearense no per\u00edodo da tarde.<\/p>\n<p>A previs\u00e3o tamb\u00e9m indica aumento das temperaturas no centro-sul do estado durante o s\u00e1bado e o domingo. As chuvas observadas nos pr\u00f3ximos dias est\u00e3o relacionadas ao avan\u00e7o de \u00e1reas de instabilidade vindas do oceano Atl\u00e2ntico e do leste nordestino, al\u00e9m de fatores locais como a atua\u00e7\u00e3o do sistema de brisa, relevo, umidade e temperaturas elevadas.<\/p>\n<p>Regi\u00e3o Metropolitana de Fortaleza<\/p>\n<p>Para Fortaleza e munic\u00edpios vizinhos, h\u00e1 possibilidade de chuva entre esta sexta e o s\u00e1bado. Nesta sexta-feira (25), a previs\u00e3o indica precipita\u00e7\u00f5es com intensidade moderada durante a manh\u00e3. No s\u00e1bado (26), pancadas isoladas devem ocorrer entre a madrugada e o in\u00edcio da manh\u00e3. Para o domingo (27), a princ\u00edpio, n\u00e3o h\u00e1 previs\u00e3o de chuva na Regi\u00e3o Metropolitana.<\/p>\n","protected":false},"excerpt":{"rendered":"<p>A Funda\u00e7\u00e3o Cearense de Meteorologia e Recursos H\u00eddricos (Funceme) prev\u00ea continuidade das chuvas no centro-norte do estado ao longo desta sexta-feira (25). Pela manh\u00e3, a expectativa \u00e9 de precipita\u00e7\u00f5es na faixa litor\u00e2nea, enquanto \u00e0 tarde e \u00e0 noite as chuvas devem se concentrar nas macrorregi\u00f5es do Litoral Norte, Litoral do Pec\u00e9m, Ibiapaba, Sert\u00e3o Central e Inhamuns.<\/p>\n","protected":false},"author":4,"featured_media":13938,"comment_status":"closed","ping_status":"open","sticky":false,"template":"","format":"standard","meta":[],"categories":[81,15],"tags":[],"acf":[],"_links":{"self":[{"href":"http:\/\/www.funceme.br\/index.php?rest_route=\/wp\/v2\/posts\/13937"}],"collection":[{"href":"http:\/\/www.funceme.br\/index.php?rest_route=\/wp\/v2\/posts"}],"about":[{"href":"http:\/\/www.funceme.br\/index.php?rest_route=\/wp\/v2\/types\/post"}],"author":[{"embeddable":true,"href":"http:\/\/www.funceme.br\/index.php?rest_route=\/wp\/v2\/users\/4"}],"replies":[{"embeddable":true,"href":"http:\/\/www.funceme.br\/index.php?rest_route=%2Fwp%2Fv2%2Fcomments&post=13937"}],"version-history":[{"count":1,"href":"http:\/\/www.funceme.br\/index.php?rest_route=\/wp\/v2\/posts\/13937\/revisions"}],"predecessor-version":[{"id":13939,"href":"http:\/\/www.funceme.br\/index.php?rest_route=\/wp\/v2\/posts\/13937\/revisions\/13939"}],"wp:featuredmedia":[{"embeddable":true,"href":"http:\/\/www.funceme.br\/index.php?rest_route=\/wp\/v2\/media\/13938"}],"wp:attachment":[{"href":"http:\/\/www.funceme.br\/index.php?rest_route=%2Fwp%2Fv2%2Fmedia&parent=13937"}],"wp:term":[{"taxonomy":"category","embeddable":true,"href":"http:\/\/www.funceme.br\/index.php?rest_route=%2Fwp%2Fv2%2Fcategories&post=13937"},{"taxonomy":"post_tag","embeddable":true,"href":"http:\/\/www.funceme.br\/index.php?rest_route=%2Fwp%2Fv2%2Ftags&post=13937"}],"curies":[{"name":"wp","href":"https:\/\/api.w.org\/{rel}","templated":true}]}}