{"id":13941,"date":"2025-04-28T10:40:45","date_gmt":"2025-04-28T13:40:45","guid":{"rendered":"http:\/\/www.funceme.br\/?p=13941"},"modified":"2025-04-28T10:40:45","modified_gmt":"2025-04-28T13:40:45","slug":"centro-norte-do-ceara-deve-seguir-com-chuvas-temperaturas-elevadas-sao-esperadas-no-centro-sul","status":"publish","type":"post","link":"http:\/\/www.funceme.br\/?p=13941","title":{"rendered":"Centro-norte do Cear\u00e1 deve seguir com chuvas; temperaturas elevadas s\u00e3o esperadas no centro-sul"},"content":{"rendered":"<div id=\"attachment_13942\" style=\"width: 760px\" class=\"wp-caption aligncenter\"><img aria-describedby=\"caption-attachment-13942\" decoding=\"async\" loading=\"lazy\" class=\"wp-image-13942\" src=\"http:\/\/www.funceme.br\/wp-content\/uploads\/2025\/04\/WhatsApp-Image-2025-04-25-at-10.52.54.jpeg\" alt=\"J\u00e1 no centro-sul do estado, a tend\u00eancia \u00e9 de diminui\u00e7\u00e3o gradual da nebulosidade (FOTO: Marciel Bezerra)\" width=\"750\" height=\"563\" srcset=\"http:\/\/www.funceme.br\/wp-content\/uploads\/2025\/04\/WhatsApp-Image-2025-04-25-at-10.52.54.jpeg 1600w, http:\/\/www.funceme.br\/wp-content\/uploads\/2025\/04\/WhatsApp-Image-2025-04-25-at-10.52.54-600x450.jpeg 600w, http:\/\/www.funceme.br\/wp-content\/uploads\/2025\/04\/WhatsApp-Image-2025-04-25-at-10.52.54-1200x900.jpeg 1200w, http:\/\/www.funceme.br\/wp-content\/uploads\/2025\/04\/WhatsApp-Image-2025-04-25-at-10.52.54-768x576.jpeg 768w, http:\/\/www.funceme.br\/wp-content\/uploads\/2025\/04\/WhatsApp-Image-2025-04-25-at-10.52.54-1536x1152.jpeg 1536w\" sizes=\"(max-width: 750px) 100vw, 750px\" \/><p id=\"caption-attachment-13942\" class=\"wp-caption-text\"><span style=\"color: #6b6b6b;\"><em>J\u00e1 no centro-sul do estado, a tend\u00eancia \u00e9 de diminui\u00e7\u00e3o gradual da nebulosidade (FOTO: Marciel Bezerra)<\/em><\/span><\/p><\/div>\n<p>Os \u00faltimos dias do m\u00eas de abril devem apresentar condi\u00e7\u00f5es para continuidade das chuvas no centro-norte do Cear\u00e1. Para esta segunda (28), a Funda\u00e7\u00e3o Cearense de Meteorologia e Recursos H\u00eddricos (Funceme) prev\u00ea que os maiores acumulados dever\u00e3o se concentrar nas macrorregi\u00f5es do Litoral Norte, Litoral do Pec\u00e9m, Litoral de Fortaleza, Maci\u00e7o de Baturit\u00e9, Ibiapaba e norte da Jaguaribana e tamb\u00e9m do Sert\u00e3o Central e Inhamuns.<\/p>\n<p>J\u00e1 no centro-sul do estado, a tend\u00eancia \u00e9 de diminui\u00e7\u00e3o gradual da nebulosidade, com o c\u00e9u variando entre parcialmente nublado e sem nuvens. H\u00e1 baixa possibilidade de ocorr\u00eancia de chuvas isoladas entre o final da tarde e a noite.<\/p>\n<p>Para ter\u00e7a (29) e quarta-feira (30), a instabilidade atmosf\u00e9rica deve persistir, mantendo a previs\u00e3o de chuvas no centro-norte e registros isolados no centro-sul. A nebulosidade, no entanto, deve seguir reduzindo, sobretudo no centro-sul do estado.<\/p>\n<p>Com a redu\u00e7\u00e3o das nuvens nas tardes, s\u00e3o esperados extremos de temperatura, principalmente nas regi\u00f5es do Cariri, sul da Jaguaribana e Sert\u00e3o Central e Inhamuns.<\/p>\n<p>As chuvas previstas s\u00e3o resultado de \u00e1reas de instabilidade oriundas do Oceano Atl\u00e2ntico, associadas \u00e0 atua\u00e7\u00e3o da Zona de Converg\u00eancia Intertropical (ZCIT), que segue posicionada pr\u00f3xima \u00e0 costa norte do Nordeste, intensificando os ventos de brisa e a forma\u00e7\u00e3o de nuvens.<\/p>\n<p>Fortaleza e Regi\u00e3o Metropolitana (RMF)<\/p>\n<p>Na capital e na Regi\u00e3o Metropolitana, a previs\u00e3o aponta continuidade das chuvas durante as madrugadas e manh\u00e3s desta segunda e ter\u00e7a, com baixa probabilidade de precipita\u00e7\u00e3o nos demais per\u00edodos do dia. Para quarta-feira, o c\u00e9u deve variar de parcialmente nublado a poucas nuvens, mas ainda com possibilidade de chuvas isoladas nas primeiras horas do dia.<\/p>\n<p>Especificamente para Fortaleza, a segunda-feira (28) ser\u00e1 de c\u00e9u variando de nublado a parcialmente nublado, com chuva isolada ao longo do dia. Na ter\u00e7a-feira (29), o c\u00e9u deve variar entre nublado e poucas nuvens, com chuvas isoladas previstas para a madrugada e manh\u00e3. J\u00e1 na quarta-feira (30), a expectativa \u00e9 de c\u00e9u parcialmente nublado a poucas nuvens, tamb\u00e9m com chuvas isoladas nos per\u00edodos da madrugada e manh\u00e3.<\/p>\n","protected":false},"excerpt":{"rendered":"<p>Os \u00faltimos dias do m\u00eas de abril devem apresentar condi\u00e7\u00f5es para continuidade das chuvas no centro-norte do Cear\u00e1. Para esta segunda (28), a Funda\u00e7\u00e3o Cearense de Meteorologia e Recursos H\u00eddricos (Funceme) prev\u00ea que os maiores acumulados dever\u00e3o se concentrar nas macrorregi\u00f5es do Litoral Norte, Litoral do Pec\u00e9m, Litoral de Fortaleza, Maci\u00e7o de Baturit\u00e9, Ibiapaba e norte da Jaguaribana e tamb\u00e9m do Sert\u00e3o Central e Inhamuns.<\/p>\n","protected":false},"author":4,"featured_media":13942,"comment_status":"closed","ping_status":"open","sticky":false,"template":"","format":"standard","meta":[],"categories":[81,15],"tags":[218,101],"acf":[],"_links":{"self":[{"href":"http:\/\/www.funceme.br\/index.php?rest_route=\/wp\/v2\/posts\/13941"}],"collection":[{"href":"http:\/\/www.funceme.br\/index.php?rest_route=\/wp\/v2\/posts"}],"about":[{"href":"http:\/\/www.funceme.br\/index.php?rest_route=\/wp\/v2\/types\/post"}],"author":[{"embeddable":true,"href":"http:\/\/www.funceme.br\/index.php?rest_route=\/wp\/v2\/users\/4"}],"replies":[{"embeddable":true,"href":"http:\/\/www.funceme.br\/index.php?rest_route=%2Fwp%2Fv2%2Fcomments&post=13941"}],"version-history":[{"count":1,"href":"http:\/\/www.funceme.br\/index.php?rest_route=\/wp\/v2\/posts\/13941\/revisions"}],"predecessor-version":[{"id":13943,"href":"http:\/\/www.funceme.br\/index.php?rest_route=\/wp\/v2\/posts\/13941\/revisions\/13943"}],"wp:featuredmedia":[{"embeddable":true,"href":"http:\/\/www.funceme.br\/index.php?rest_route=\/wp\/v2\/media\/13942"}],"wp:attachment":[{"href":"http:\/\/www.funceme.br\/index.php?rest_route=%2Fwp%2Fv2%2Fmedia&parent=13941"}],"wp:term":[{"taxonomy":"category","embeddable":true,"href":"http:\/\/www.funceme.br\/index.php?rest_route=%2Fwp%2Fv2%2Fcategories&post=13941"},{"taxonomy":"post_tag","embeddable":true,"href":"http:\/\/www.funceme.br\/index.php?rest_route=%2Fwp%2Fv2%2Ftags&post=13941"}],"curies":[{"name":"wp","href":"https:\/\/api.w.org\/{rel}","templated":true}]}}