{"id":14049,"date":"2025-05-02T14:01:02","date_gmt":"2025-05-02T17:01:02","guid":{"rendered":"http:\/\/www.funceme.br\/?p=14049"},"modified":"2025-05-02T14:01:02","modified_gmt":"2025-05-02T17:01:02","slug":"ceara-tera-fim-de-semana-com-tempo-estavel-e-calor-mais-intenso-no-interior","status":"publish","type":"post","link":"http:\/\/www.funceme.br\/?p=14049","title":{"rendered":"Cear\u00e1 ter\u00e1 fim de semana com tempo est\u00e1vel e calor mais intenso no interior"},"content":{"rendered":"<div id=\"attachment_14050\" style=\"width: 760px\" class=\"wp-caption aligncenter\"><img aria-describedby=\"caption-attachment-14050\" decoding=\"async\" loading=\"lazy\" class=\"wp-image-14050\" src=\"http:\/\/www.funceme.br\/wp-content\/uploads\/2025\/05\/WhatsApp-Image-2025-04-15-at-06.21.50-scaled.jpeg\" alt=\"Com a redu\u00e7\u00e3o progressiva da cobertura de nuvens, as temperaturas devem se elevar nos pr\u00f3ximos dias (FOTO: Marciel Bezerra)\" width=\"750\" height=\"563\" srcset=\"http:\/\/www.funceme.br\/wp-content\/uploads\/2025\/05\/WhatsApp-Image-2025-04-15-at-06.21.50-scaled.jpeg 2560w, http:\/\/www.funceme.br\/wp-content\/uploads\/2025\/05\/WhatsApp-Image-2025-04-15-at-06.21.50-600x450.jpeg 600w, http:\/\/www.funceme.br\/wp-content\/uploads\/2025\/05\/WhatsApp-Image-2025-04-15-at-06.21.50-1200x900.jpeg 1200w, http:\/\/www.funceme.br\/wp-content\/uploads\/2025\/05\/WhatsApp-Image-2025-04-15-at-06.21.50-768x576.jpeg 768w, http:\/\/www.funceme.br\/wp-content\/uploads\/2025\/05\/WhatsApp-Image-2025-04-15-at-06.21.50-1536x1152.jpeg 1536w, http:\/\/www.funceme.br\/wp-content\/uploads\/2025\/05\/WhatsApp-Image-2025-04-15-at-06.21.50-2048x1536.jpeg 2048w\" sizes=\"(max-width: 750px) 100vw, 750px\" \/><p id=\"caption-attachment-14050\" class=\"wp-caption-text\"><span style=\"color: #6b6b6b;\"><em>Com a redu\u00e7\u00e3o progressiva da cobertura de nuvens, as temperaturas devem se elevar nos pr\u00f3ximos dias (FOTO: Marciel Bezerra)<\/em><\/span><\/p><\/div>\n<p class=\"\" data-start=\"176\" data-end=\"562\">A previs\u00e3o do tempo para o Cear\u00e1 entre esta sexta-feira (2) e o domingo (4) indica predom\u00ednio de estabilidade atmosf\u00e9rica na maior parte do estado. O cen\u00e1rio deve ser marcado por pouca nebulosidade e possibilidade de chuvas isoladas, principalmente entre a noite de s\u00e1bado (3) e a madrugada de domingo (4), com maior concentra\u00e7\u00e3o nas regi\u00f5es do Cariri e do sul do Sert\u00e3o Central e Inhamuns.<\/p>\n<p class=\"\" data-start=\"564\" data-end=\"762\">Nas \u00e1reas mais ao norte do estado, como o Litoral Norte, Litoral do Pec\u00e9m, Litoral de Fortaleza e o Maci\u00e7o de Baturit\u00e9, h\u00e1 chance de precipita\u00e7\u00f5es pontuais no s\u00e1bado, entre o fim da madrugada e o per\u00edodo da manh\u00e3.<\/p>\n<p class=\"\" data-start=\"764\" data-end=\"1098\">Com a redu\u00e7\u00e3o progressiva da cobertura de nuvens, as temperaturas devem se elevar nos pr\u00f3ximos dias, variando entre 34\u00b0C e 36\u00b0C em grande parte do estado. Em munic\u00edpios das regi\u00f5es do Cariri, Jaguaribana e Sert\u00e3o Central e Inhamuns, as m\u00e1ximas podem atingir at\u00e9 38\u00b0C durante as tardes, com destaque para a macrorregi\u00e3o da Jaguaribana.<\/p>\n<p class=\"\" data-start=\"1100\" data-end=\"1364\">As chuvas previstas t\u00eam origem na combina\u00e7\u00e3o de fatores como \u00e1reas de instabilidade vindas do Oceano Atl\u00e2ntico e do leste do Nordeste, a presen\u00e7a de um sistema frontal no sul da regi\u00e3o e efeitos locais, como brisa, relevo e a intera\u00e7\u00e3o entre temperatura e umidade.<\/p>\n<p class=\"\" data-start=\"1366\" data-end=\"1892\">Na capital e na Regi\u00e3o Metropolitana, o tempo segue firme na maior parte do fim de semana. A previs\u00e3o aponta c\u00e9u com poucas ou nenhuma nuvem ao longo dos dias, com exce\u00e7\u00e3o da madrugada e manh\u00e3 de s\u00e1bado (3), quando podem ocorrer chuvas fracas e isoladas. Na sexta-feira (2), o c\u00e9u deve variar de poucas nuvens a claro. No s\u00e1bado (3), h\u00e1 possibilidade de chuva isolada entre a madrugada e o in\u00edcio da manh\u00e3, com o restante do dia sendo de tempo aberto. J\u00e1 no domingo (4), o c\u00e9u deve variar de parcialmente nublado a sem nuvens.<\/p>\n","protected":false},"excerpt":{"rendered":"<p>A previs\u00e3o do tempo para o Cear\u00e1 entre esta sexta-feira (2) e o domingo (4) indica predom\u00ednio de estabilidade atmosf\u00e9rica na maior parte do estado.<\/p>\n","protected":false},"author":4,"featured_media":14050,"comment_status":"closed","ping_status":"open","sticky":false,"template":"","format":"standard","meta":[],"categories":[81,15],"tags":[66,170,56],"acf":[],"_links":{"self":[{"href":"http:\/\/www.funceme.br\/index.php?rest_route=\/wp\/v2\/posts\/14049"}],"collection":[{"href":"http:\/\/www.funceme.br\/index.php?rest_route=\/wp\/v2\/posts"}],"about":[{"href":"http:\/\/www.funceme.br\/index.php?rest_route=\/wp\/v2\/types\/post"}],"author":[{"embeddable":true,"href":"http:\/\/www.funceme.br\/index.php?rest_route=\/wp\/v2\/users\/4"}],"replies":[{"embeddable":true,"href":"http:\/\/www.funceme.br\/index.php?rest_route=%2Fwp%2Fv2%2Fcomments&post=14049"}],"version-history":[{"count":1,"href":"http:\/\/www.funceme.br\/index.php?rest_route=\/wp\/v2\/posts\/14049\/revisions"}],"predecessor-version":[{"id":14051,"href":"http:\/\/www.funceme.br\/index.php?rest_route=\/wp\/v2\/posts\/14049\/revisions\/14051"}],"wp:featuredmedia":[{"embeddable":true,"href":"http:\/\/www.funceme.br\/index.php?rest_route=\/wp\/v2\/media\/14050"}],"wp:attachment":[{"href":"http:\/\/www.funceme.br\/index.php?rest_route=%2Fwp%2Fv2%2Fmedia&parent=14049"}],"wp:term":[{"taxonomy":"category","embeddable":true,"href":"http:\/\/www.funceme.br\/index.php?rest_route=%2Fwp%2Fv2%2Fcategories&post=14049"},{"taxonomy":"post_tag","embeddable":true,"href":"http:\/\/www.funceme.br\/index.php?rest_route=%2Fwp%2Fv2%2Ftags&post=14049"}],"curies":[{"name":"wp","href":"https:\/\/api.w.org\/{rel}","templated":true}]}}