{"id":14174,"date":"2025-05-30T13:35:16","date_gmt":"2025-05-30T16:35:16","guid":{"rendered":"http:\/\/www.funceme.br\/?p=14174"},"modified":"2025-05-30T13:35:16","modified_gmt":"2025-05-30T16:35:16","slug":"fim-de-semana-sera-de-tempo-mais-estavel-no-ceara-aponta-funceme","status":"publish","type":"post","link":"http:\/\/www.funceme.br\/?p=14174","title":{"rendered":"Fim de semana ser\u00e1 de tempo mais est\u00e1vel no Cear\u00e1, aponta Funceme"},"content":{"rendered":"<div id=\"attachment_14175\" style=\"width: 760px\" class=\"wp-caption aligncenter\"><img aria-describedby=\"caption-attachment-14175\" decoding=\"async\" loading=\"lazy\" class=\"wp-image-14175\" src=\"http:\/\/www.funceme.br\/wp-content\/uploads\/2025\/05\/WhatsApp-Image-2025-05-28-at-11.57.37-scaled.jpeg\" alt=\"As chuvas previstas concentram-se principalmente no per\u00edodo noturno e nas madrugadas, com destaque para o Cariri, sul da Jaguaribana e Sert\u00e3o Central e Inhamuns (FOTO: Marciel Bezerra)\" width=\"750\" height=\"422\" srcset=\"http:\/\/www.funceme.br\/wp-content\/uploads\/2025\/05\/WhatsApp-Image-2025-05-28-at-11.57.37-scaled.jpeg 2560w, http:\/\/www.funceme.br\/wp-content\/uploads\/2025\/05\/WhatsApp-Image-2025-05-28-at-11.57.37-600x338.jpeg 600w, http:\/\/www.funceme.br\/wp-content\/uploads\/2025\/05\/WhatsApp-Image-2025-05-28-at-11.57.37-1200x675.jpeg 1200w, http:\/\/www.funceme.br\/wp-content\/uploads\/2025\/05\/WhatsApp-Image-2025-05-28-at-11.57.37-768x432.jpeg 768w, http:\/\/www.funceme.br\/wp-content\/uploads\/2025\/05\/WhatsApp-Image-2025-05-28-at-11.57.37-1536x864.jpeg 1536w, http:\/\/www.funceme.br\/wp-content\/uploads\/2025\/05\/WhatsApp-Image-2025-05-28-at-11.57.37-2048x1152.jpeg 2048w\" sizes=\"(max-width: 750px) 100vw, 750px\" \/><p id=\"caption-attachment-14175\" class=\"wp-caption-text\"><span style=\"color: #6b6b6b;\"><em>As chuvas previstas concentram-se principalmente no per\u00edodo noturno e nas madrugadas, com destaque para o Cariri, sul da Jaguaribana e Sert\u00e3o Central e Inhamuns (FOTO: Marciel Bezerra)<\/em><\/span><\/p><\/div>\n<p data-start=\"163\" data-end=\"508\">A previs\u00e3o da Funda\u00e7\u00e3o Cearense de Meteorologia e Recursos H\u00eddricos (Funceme) indica que o tempo dever\u00e1 se manter mais est\u00e1vel em praticamente todas as regi\u00f5es do Cear\u00e1 entre esta sexta-feira (30) e o pr\u00f3ximo domingo (1\u00ba). O cen\u00e1rio predominante ser\u00e1 de pouca nebulosidade e baixa ocorr\u00eancia de chuvas, favorecendo dias mais secos e ensolarados.<\/p>\n<p data-start=\"510\" data-end=\"819\">Segundo a Funceme, embora ainda haja possibilidade de algumas chuvas fracas e isoladas, elas devem ocorrer com pouca intensidade e abrang\u00eancia, influenciadas por instabilidades fracas vindas do leste do Nordeste e do Oceano Atl\u00e2ntico, al\u00e9m da intera\u00e7\u00e3o dos ventos com o relevo e a atua\u00e7\u00e3o do sistema de brisa.<\/p>\n<p data-start=\"821\" data-end=\"1087\">As chuvas previstas concentram-se principalmente no per\u00edodo noturno e nas madrugadas, com destaque para o Cariri, sul da Jaguaribana e Sert\u00e3o Central e Inhamuns. J\u00e1 no domingo, o tempo firme predominar\u00e1, com c\u00e9u com poucas nuvens em todas as macrorregi\u00f5es do estado.<\/p>\n<p data-start=\"1089\" data-end=\"1404\">Em Fortaleza e na Regi\u00e3o Metropolitana, o fim de semana tamb\u00e9m ser\u00e1 marcado por estabilidade atmosf\u00e9rica. H\u00e1 uma baixa possibilidade de chuvas fracas e passageiras durante as madrugadas e come\u00e7o das manh\u00e3s de s\u00e1bado e domingo, mas, no geral, o tempo permanecer\u00e1 est\u00e1vel, com temperaturas variando entre 25\u00b0C e 31\u00b0C.<\/p>\n<p data-start=\"1406\" data-end=\"1631\">Nas demais regi\u00f5es, os term\u00f4metros devem marcar m\u00ednimas entre 18\u00b0C e 20\u00b0C nas \u00e1reas serranas do Cariri, Sert\u00e3o Central, Inhamuns e Ibiapaba. J\u00e1 as m\u00e1ximas podem alcan\u00e7ar at\u00e9 36\u00b0C, especialmente na macrorregi\u00e3o da Jaguaribana.<\/p>\n","protected":false},"excerpt":{"rendered":"<p>A previs\u00e3o da Funda\u00e7\u00e3o Cearense de Meteorologia e Recursos H\u00eddricos (Funceme) indica que o tempo dever\u00e1 se manter mais est\u00e1vel em praticamente todas as regi\u00f5es do Cear\u00e1 entre esta sexta-feira (30) e o pr\u00f3ximo domingo (1\u00ba)<\/p>\n","protected":false},"author":4,"featured_media":14175,"comment_status":"closed","ping_status":"open","sticky":false,"template":"","format":"standard","meta":[],"categories":[81,15],"tags":[57,170,49],"acf":[],"_links":{"self":[{"href":"http:\/\/www.funceme.br\/index.php?rest_route=\/wp\/v2\/posts\/14174"}],"collection":[{"href":"http:\/\/www.funceme.br\/index.php?rest_route=\/wp\/v2\/posts"}],"about":[{"href":"http:\/\/www.funceme.br\/index.php?rest_route=\/wp\/v2\/types\/post"}],"author":[{"embeddable":true,"href":"http:\/\/www.funceme.br\/index.php?rest_route=\/wp\/v2\/users\/4"}],"replies":[{"embeddable":true,"href":"http:\/\/www.funceme.br\/index.php?rest_route=%2Fwp%2Fv2%2Fcomments&post=14174"}],"version-history":[{"count":1,"href":"http:\/\/www.funceme.br\/index.php?rest_route=\/wp\/v2\/posts\/14174\/revisions"}],"predecessor-version":[{"id":14176,"href":"http:\/\/www.funceme.br\/index.php?rest_route=\/wp\/v2\/posts\/14174\/revisions\/14176"}],"wp:featuredmedia":[{"embeddable":true,"href":"http:\/\/www.funceme.br\/index.php?rest_route=\/wp\/v2\/media\/14175"}],"wp:attachment":[{"href":"http:\/\/www.funceme.br\/index.php?rest_route=%2Fwp%2Fv2%2Fmedia&parent=14174"}],"wp:term":[{"taxonomy":"category","embeddable":true,"href":"http:\/\/www.funceme.br\/index.php?rest_route=%2Fwp%2Fv2%2Fcategories&post=14174"},{"taxonomy":"post_tag","embeddable":true,"href":"http:\/\/www.funceme.br\/index.php?rest_route=%2Fwp%2Fv2%2Ftags&post=14174"}],"curies":[{"name":"wp","href":"https:\/\/api.w.org\/{rel}","templated":true}]}}