{"id":14192,"date":"2025-06-02T14:34:13","date_gmt":"2025-06-02T17:34:13","guid":{"rendered":"http:\/\/www.funceme.br\/?p=14192"},"modified":"2025-06-02T14:34:13","modified_gmt":"2025-06-02T17:34:13","slug":"funceme-realiza-palestra-sobre-a-lei-geral-de-protecao-de-dados-lgpd","status":"publish","type":"post","link":"http:\/\/www.funceme.br\/?p=14192","title":{"rendered":"Funceme realiza palestra sobre a Lei Geral de Prote\u00e7\u00e3o de Dados (LGPD)"},"content":{"rendered":"<div id=\"attachment_14193\" style=\"width: 760px\" class=\"wp-caption aligncenter\"><img aria-describedby=\"caption-attachment-14193\" decoding=\"async\" loading=\"lazy\" class=\"wp-image-14193\" src=\"http:\/\/www.funceme.br\/wp-content\/uploads\/2025\/06\/IMG_2139-scaled.jpg\" alt=\"A iniciativa refor\u00e7a o compromisso da Funceme com a prote\u00e7\u00e3o de dados pessoais e a adequa\u00e7\u00e3o \u00e0s normas legais (FOTO: ASCOM\/Funceme)\" width=\"750\" height=\"499\" srcset=\"http:\/\/www.funceme.br\/wp-content\/uploads\/2025\/06\/IMG_2139-scaled.jpg 2560w, http:\/\/www.funceme.br\/wp-content\/uploads\/2025\/06\/IMG_2139-600x399.jpg 600w, http:\/\/www.funceme.br\/wp-content\/uploads\/2025\/06\/IMG_2139-1200x798.jpg 1200w, http:\/\/www.funceme.br\/wp-content\/uploads\/2025\/06\/IMG_2139-768x511.jpg 768w, http:\/\/www.funceme.br\/wp-content\/uploads\/2025\/06\/IMG_2139-1536x1022.jpg 1536w, http:\/\/www.funceme.br\/wp-content\/uploads\/2025\/06\/IMG_2139-2048x1363.jpg 2048w\" sizes=\"(max-width: 750px) 100vw, 750px\" \/><p id=\"caption-attachment-14193\" class=\"wp-caption-text\"><em>A iniciativa refor\u00e7a o compromisso da Funceme com a prote\u00e7\u00e3o de dados pessoais e a adequa\u00e7\u00e3o \u00e0s normas legais (FOTO: ASCOM\/Funceme)<\/em><\/p><\/div>\n<p data-start=\"76\" data-end=\"376\">A Funda\u00e7\u00e3o Cearense de Meteorologia e Recursos H\u00eddricos (FUNCEME) promoveu, na manh\u00e3 desta segunda-feira (2), a palestra \u201cSensibiliza\u00e7\u00e3o sobre a Lei Geral de Prote\u00e7\u00e3o de Dados \u2013 LGPD\u201d. O evento ocorreu no audit\u00f3rio da institui\u00e7\u00e3o, das 9h \u00e0s 11h, e contou com a presen\u00e7a de servidores e colaboradores.<\/p>\n<p data-start=\"378\" data-end=\"633\">A atividade foi conduzida por Marcos Henrique de Carvalho Almeida, auditor de controle interno da Controladoria e Ouvidoria Geral do Estado (CGE), que apresentou os principais conceitos, fundamentos e impactos da LGPD no contexto da administra\u00e7\u00e3o p\u00fablica.<\/p>\n<p data-start=\"635\" data-end=\"827\" data-is-last-node=\"\" data-is-only-node=\"\">A iniciativa refor\u00e7a o compromisso da FUNCEME com a prote\u00e7\u00e3o de dados pessoais e a adequa\u00e7\u00e3o \u00e0s normas legais, promovendo a conscientiza\u00e7\u00e3o e o fortalecimento das boas pr\u00e1ticas institucionais.<\/p>\n","protected":false},"excerpt":{"rendered":"<p>A Funda\u00e7\u00e3o Cearense de Meteorologia e Recursos H\u00eddricos (FUNCEME) promoveu, na manh\u00e3 desta segunda-feira (2), a palestra \u201cSensibiliza\u00e7\u00e3o sobre a Lei Geral de Prote\u00e7\u00e3o de Dados \u2013 LGPD\u201d.<\/p>\n","protected":false},"author":4,"featured_media":14193,"comment_status":"closed","ping_status":"open","sticky":false,"template":"","format":"standard","meta":[],"categories":[562,15],"tags":[632],"acf":[],"_links":{"self":[{"href":"http:\/\/www.funceme.br\/index.php?rest_route=\/wp\/v2\/posts\/14192"}],"collection":[{"href":"http:\/\/www.funceme.br\/index.php?rest_route=\/wp\/v2\/posts"}],"about":[{"href":"http:\/\/www.funceme.br\/index.php?rest_route=\/wp\/v2\/types\/post"}],"author":[{"embeddable":true,"href":"http:\/\/www.funceme.br\/index.php?rest_route=\/wp\/v2\/users\/4"}],"replies":[{"embeddable":true,"href":"http:\/\/www.funceme.br\/index.php?rest_route=%2Fwp%2Fv2%2Fcomments&post=14192"}],"version-history":[{"count":1,"href":"http:\/\/www.funceme.br\/index.php?rest_route=\/wp\/v2\/posts\/14192\/revisions"}],"predecessor-version":[{"id":14194,"href":"http:\/\/www.funceme.br\/index.php?rest_route=\/wp\/v2\/posts\/14192\/revisions\/14194"}],"wp:featuredmedia":[{"embeddable":true,"href":"http:\/\/www.funceme.br\/index.php?rest_route=\/wp\/v2\/media\/14193"}],"wp:attachment":[{"href":"http:\/\/www.funceme.br\/index.php?rest_route=%2Fwp%2Fv2%2Fmedia&parent=14192"}],"wp:term":[{"taxonomy":"category","embeddable":true,"href":"http:\/\/www.funceme.br\/index.php?rest_route=%2Fwp%2Fv2%2Fcategories&post=14192"},{"taxonomy":"post_tag","embeddable":true,"href":"http:\/\/www.funceme.br\/index.php?rest_route=%2Fwp%2Fv2%2Ftags&post=14192"}],"curies":[{"name":"wp","href":"https:\/\/api.w.org\/{rel}","templated":true}]}}