{"id":1420,"date":"2016-10-06T12:51:24","date_gmt":"2016-10-06T15:51:24","guid":{"rendered":"http:\/\/localhost\/wp-funceme\/blog\/2016\/10\/06\/funceme-participa-de-conferencia-europeia-de-radares\/"},"modified":"2020-07-14T12:10:08","modified_gmt":"2020-07-14T15:10:08","slug":"funceme-participa-de-conferencia-europeia-de-radares","status":"publish","type":"post","link":"http:\/\/www.funceme.br\/?p=1420","title":{"rendered":"Funceme participa de confer\u00eancia europeia de radares"},"content":{"rendered":"<p><strong>Pesquisador Arthur Costa apresentar\u00e1 na Turquia painel com dados do Radar Meteorol\u00f3gico de Quixeramobim<\/strong><\/p>\n<p>Um dos mais importantes eventos internacionais sobre radares meteorol\u00f3gicos, o European Conference on Radar in Meteorology (ERAD), ter\u00e1, neste ano, a participa\u00e7\u00e3o da Funda\u00e7\u00e3o Cearense de Meteorologia e Recursos H\u00eddricos (Funceme). O pesquisador Arthur Costa ir\u00e1 apresentar um dos pain\u00e9is do evento que acontece entre os dias 10 e 14 de outubro, na cidade de Ant\u00e1lia, na Turquia.<\/p>\n<p><img decoding=\"async\" loading=\"lazy\" class=\" size-full wp-image-1419\" src=\"http:\/\/funceme.br\/wp-content\/uploads\/2016\/10\/arthur-radar.JPG\" border=\"0\" alt=\"\" width=\"560\" height=\"381\"><\/p>\n<p>\u201c\u00c9 muito positivo participar de um evento t\u00e3o grande, pois estarei em contato com as tecnologias e softwares mais atuais, onde poderemos conhecer novas t\u00e9cnicas e planejar parcerias futuras, visando otimizar os produtos gerados pelo Radar Banda S da Funceme, instalado em Quixeramobim\u201d, destaca Costa. Na viagem, o pesquisador da Funceme tamb\u00e9m participar\u00e1 da tutoria de um curso sobre software livre em radares, no dia 9 de outubro.<\/p>\n<p>Na ERAD, ele vai apresentar o painel intitulado \u201cCaracteriza\u00e7\u00e3o dos Sistemas de Precipita\u00e7\u00e3o sobre o Cear\u00e1 durante a Quadra Chuvosa\u201d, resultado da an\u00e1lise de imagens do Radar Meteorol\u00f3gico de Quixeramobim nos anos de 2014 e 2015. O Radar banda S da Fucneme foi inaugurado em novembro de 2011 e \u00e9 uma importante ferramenta no monitoramento e previs\u00e3o meteorol\u00f3gica da institui\u00e7\u00e3o desde a quadra chuvosa de 2012.<\/p>\n<p>Fonte: Assessoria de Comunica\u00e7\u00e3o da Funceme<br \/>\n6 de outubro de 2016<\/p>\n","protected":false},"excerpt":{"rendered":"<p>Pesquisador Arthur Costa apresentar\u00e1 na Turquia painel com dados do Radar Meteorol\u00f3gico de Quixeramobim Um dos mais importantes eventos internacionais sobre radares meteorol\u00f3gicos, o European Conference on Radar in Meteorology (ERAD), ter\u00e1, neste ano, a participa\u00e7\u00e3o da Funda\u00e7\u00e3o Cearense de Meteorologia e Recursos H\u00eddricos (Funceme). O pesquisador Arthur Costa ir\u00e1 apresentar um dos pain\u00e9is do [&hellip;]<\/p>\n","protected":false},"author":1,"featured_media":1419,"comment_status":"closed","ping_status":"open","sticky":false,"template":"","format":"standard","meta":[],"categories":[15],"tags":[],"acf":[],"_links":{"self":[{"href":"http:\/\/www.funceme.br\/index.php?rest_route=\/wp\/v2\/posts\/1420"}],"collection":[{"href":"http:\/\/www.funceme.br\/index.php?rest_route=\/wp\/v2\/posts"}],"about":[{"href":"http:\/\/www.funceme.br\/index.php?rest_route=\/wp\/v2\/types\/post"}],"author":[{"embeddable":true,"href":"http:\/\/www.funceme.br\/index.php?rest_route=\/wp\/v2\/users\/1"}],"replies":[{"embeddable":true,"href":"http:\/\/www.funceme.br\/index.php?rest_route=%2Fwp%2Fv2%2Fcomments&post=1420"}],"version-history":[{"count":1,"href":"http:\/\/www.funceme.br\/index.php?rest_route=\/wp\/v2\/posts\/1420\/revisions"}],"predecessor-version":[{"id":7512,"href":"http:\/\/www.funceme.br\/index.php?rest_route=\/wp\/v2\/posts\/1420\/revisions\/7512"}],"wp:featuredmedia":[{"embeddable":true,"href":"http:\/\/www.funceme.br\/index.php?rest_route=\/wp\/v2\/media\/1419"}],"wp:attachment":[{"href":"http:\/\/www.funceme.br\/index.php?rest_route=%2Fwp%2Fv2%2Fmedia&parent=1420"}],"wp:term":[{"taxonomy":"category","embeddable":true,"href":"http:\/\/www.funceme.br\/index.php?rest_route=%2Fwp%2Fv2%2Fcategories&post=1420"},{"taxonomy":"post_tag","embeddable":true,"href":"http:\/\/www.funceme.br\/index.php?rest_route=%2Fwp%2Fv2%2Ftags&post=1420"}],"curies":[{"name":"wp","href":"https:\/\/api.w.org\/{rel}","templated":true}]}}