{"id":14227,"date":"2025-06-21T12:49:03","date_gmt":"2025-06-21T15:49:03","guid":{"rendered":"http:\/\/www.funceme.br\/?p=14227"},"modified":"2025-06-21T12:49:03","modified_gmt":"2025-06-21T15:49:03","slug":"ceara-deve-ter-fim-de-semana-com-chuvas-isoladas-e-ventos-fortes-em-areas-litoraneas-e-serranas","status":"publish","type":"post","link":"http:\/\/www.funceme.br\/?p=14227","title":{"rendered":"Cear\u00e1 deve ter fim de semana com chuvas isoladas e ventos fortes em \u00e1reas litor\u00e2neas e serranas"},"content":{"rendered":"<div id=\"attachment_14228\" style=\"width: 760px\" class=\"wp-caption alignnone\"><img aria-describedby=\"caption-attachment-14228\" decoding=\"async\" loading=\"lazy\" class=\"wp-image-14228\" src=\"http:\/\/www.funceme.br\/wp-content\/uploads\/2025\/06\/WhatsApp-Image-2025-06-16-at-10.32.35-scaled.jpeg\" alt=\"As temperaturas m\u00e1ximas devem chegar a 34\u00b0C nas regi\u00f5es mais secas, como Jaguaribana e Sert\u00e3o Central, enquanto as m\u00ednimas podem cair para 19\u00b0C em \u00e1reas mais elevadas como a Ibiapaba, Maci\u00e7o de Baturit\u00e9 e Cariri. (FOTO: Marciel Bezerra)\" width=\"750\" height=\"563\" srcset=\"http:\/\/www.funceme.br\/wp-content\/uploads\/2025\/06\/WhatsApp-Image-2025-06-16-at-10.32.35-scaled.jpeg 2560w, http:\/\/www.funceme.br\/wp-content\/uploads\/2025\/06\/WhatsApp-Image-2025-06-16-at-10.32.35-600x450.jpeg 600w, http:\/\/www.funceme.br\/wp-content\/uploads\/2025\/06\/WhatsApp-Image-2025-06-16-at-10.32.35-1200x900.jpeg 1200w, http:\/\/www.funceme.br\/wp-content\/uploads\/2025\/06\/WhatsApp-Image-2025-06-16-at-10.32.35-768x576.jpeg 768w, http:\/\/www.funceme.br\/wp-content\/uploads\/2025\/06\/WhatsApp-Image-2025-06-16-at-10.32.35-1536x1152.jpeg 1536w, http:\/\/www.funceme.br\/wp-content\/uploads\/2025\/06\/WhatsApp-Image-2025-06-16-at-10.32.35-2048x1536.jpeg 2048w\" sizes=\"(max-width: 750px) 100vw, 750px\" \/><p id=\"caption-attachment-14228\" class=\"wp-caption-text\"><span style=\"color: #6b6b6b;\"><em>As temperaturas m\u00e1ximas devem chegar a 34\u00b0C nas regi\u00f5es mais secas, como Jaguaribana e Sert\u00e3o Central, enquanto as m\u00ednimas podem cair para 19\u00b0C em \u00e1reas mais elevadas como a Ibiapaba, Maci\u00e7o de Baturit\u00e9 e Cariri. (FOTO: Marciel Bezerra)<\/em><\/span><\/p><\/div>\n<p data-start=\"116\" data-end=\"494\">A previs\u00e3o do tempo elaborada pela Funda\u00e7\u00e3o Cearense de Meteorologia e Recursos H\u00eddricos (Funceme) aponta que o Cear\u00e1 dever\u00e1 ter, entre os dias 21 e 23 de junho, um cen\u00e1rio com possibilidade de chuvas isoladas e ventos moderados a fortes em algumas regi\u00f5es. Apesar das precipita\u00e7\u00f5es previstas, a tend\u00eancia \u00e9 que ocorram de forma pontual e com intensidade entre fraca e moderada.<\/p>\n<h3 data-start=\"496\" data-end=\"511\">S\u00e1bado (21)<\/h3>\n<p data-start=\"512\" data-end=\"957\">Durante a manh\u00e3, o c\u00e9u deve permanecer parcialmente nublado em todo o estado, com chuvas isoladas nos litorais do Pec\u00e9m, Norte e de Fortaleza. \u00c0 tarde, as chuvas se concentram no centro-norte cearense, abrangendo regi\u00f5es como Jaguaribana, Maci\u00e7o de Baturit\u00e9, Sert\u00e3o Central e Inhamuns, al\u00e9m da Ibiapaba. \u00c0 noite, a previs\u00e3o indica precipita\u00e7\u00f5es no centro-sul, especialmente no Sert\u00e3o Central e Inhamuns, Jaguaribana, Cariri e Maci\u00e7o de Baturit\u00e9.<\/p>\n<h3 data-start=\"959\" data-end=\"975\">Domingo (22)<\/h3>\n<p data-start=\"976\" data-end=\"1275\">No in\u00edcio do dia, o tempo segue variando entre nublado e parcialmente nublado, com chuvas moderadas no norte da Jaguaribana, Litoral de Fortaleza e Pec\u00e9m, Maci\u00e7o de Baturit\u00e9 e Sert\u00e3o Central e Inhamuns. \u00c0 tarde, as chuvas tendem a continuar no centro-norte, de forma pontual e com menor intensidade.<\/p>\n<h3 data-start=\"1277\" data-end=\"1299\">Segunda-feira (23)<\/h3>\n<p data-start=\"1300\" data-end=\"1585\">A tend\u00eancia \u00e9 de redu\u00e7\u00e3o nas \u00e1reas com chuva e nos volumes acumulados. As regi\u00f5es com maior chance de precipita\u00e7\u00e3o s\u00e3o o Litoral de Fortaleza e do Pec\u00e9m (entre a madrugada e manh\u00e3), al\u00e9m de \u00e1reas do centro-sul (Jaguaribana, Sert\u00e3o Central e Inhamuns, e Cariri) durante a tarde e noite.<\/p>\n<h3 data-start=\"1587\" data-end=\"1612\">Ventos e temperaturas<\/h3>\n<p data-start=\"1613\" data-end=\"2018\">A Funceme tamb\u00e9m alerta para rajadas de vento que podem atingir at\u00e9 50 km\/h em \u00e1reas litor\u00e2neas e regi\u00f5es serranas \u2014 um fator relevante para pescadores e praticantes de atividades ao ar livre. As temperaturas m\u00e1ximas devem chegar a 34\u00b0C nas regi\u00f5es mais secas, como Jaguaribana e Sert\u00e3o Central, enquanto as m\u00ednimas podem cair para 19\u00b0C em \u00e1reas mais elevadas como a Ibiapaba, Maci\u00e7o de Baturit\u00e9 e Cariri.<\/p>\n<h3 data-start=\"2020\" data-end=\"2057\">Regi\u00e3o Metropolitana de Fortaleza<\/h3>\n<p data-start=\"2058\" data-end=\"2378\">Na capital e munic\u00edpios vizinhos, o s\u00e1bado deve come\u00e7ar com c\u00e9u parcialmente nublado e possibilidade de chuva fraca durante a manh\u00e3. \u00c0 tarde, as chuvas devem se concentrar nas \u00e1reas mais ao sul da Regi\u00e3o Metropolitana, e, \u00e0 noite, o tempo fica mais nublado, com nova chance de precipita\u00e7\u00e3o, agora entre fraca e moderada.<\/p>\n<p data-start=\"2380\" data-end=\"2673\">No domingo, o tempo deve variar entre nublado e parcialmente nublado, com chuva moderada na madrugada e manh\u00e3, al\u00e9m de possibilidade de precipita\u00e7\u00f5es isoladas no restante do dia. Os ventos tamb\u00e9m podem alcan\u00e7ar at\u00e9 50 km\/h, vindos do sudeste, e as temperaturas devem oscilar entre 23\u00b0C e 31\u00b0C.<\/p>\n<p data-start=\"2675\" data-end=\"2799\">Para conferir a previs\u00e3o detalhada por turnos e por regi\u00e3o, acesse: <a class=\"\" href=\"https:\/\/www.funceme.br\/?page_id=2543\" target=\"_new\" rel=\"noopener\" data-start=\"2743\" data-end=\"2797\">www.funceme.br<\/a>.<\/p>\n","protected":false},"excerpt":{"rendered":"<p>A previs\u00e3o do tempo elaborada pela Funda\u00e7\u00e3o Cearense de Meteorologia e Recursos H\u00eddricos (Funceme) aponta que o Cear\u00e1 dever\u00e1 ter, entre os dias 21 e 23 de junho, um cen\u00e1rio com possibilidade de chuvas isoladas e ventos moderados a fortes em algumas regi\u00f5es<\/p>\n","protected":false},"author":4,"featured_media":14228,"comment_status":"closed","ping_status":"open","sticky":false,"template":"","format":"standard","meta":[],"categories":[81,15],"tags":[47,170,282],"acf":[],"_links":{"self":[{"href":"http:\/\/www.funceme.br\/index.php?rest_route=\/wp\/v2\/posts\/14227"}],"collection":[{"href":"http:\/\/www.funceme.br\/index.php?rest_route=\/wp\/v2\/posts"}],"about":[{"href":"http:\/\/www.funceme.br\/index.php?rest_route=\/wp\/v2\/types\/post"}],"author":[{"embeddable":true,"href":"http:\/\/www.funceme.br\/index.php?rest_route=\/wp\/v2\/users\/4"}],"replies":[{"embeddable":true,"href":"http:\/\/www.funceme.br\/index.php?rest_route=%2Fwp%2Fv2%2Fcomments&post=14227"}],"version-history":[{"count":2,"href":"http:\/\/www.funceme.br\/index.php?rest_route=\/wp\/v2\/posts\/14227\/revisions"}],"predecessor-version":[{"id":14230,"href":"http:\/\/www.funceme.br\/index.php?rest_route=\/wp\/v2\/posts\/14227\/revisions\/14230"}],"wp:featuredmedia":[{"embeddable":true,"href":"http:\/\/www.funceme.br\/index.php?rest_route=\/wp\/v2\/media\/14228"}],"wp:attachment":[{"href":"http:\/\/www.funceme.br\/index.php?rest_route=%2Fwp%2Fv2%2Fmedia&parent=14227"}],"wp:term":[{"taxonomy":"category","embeddable":true,"href":"http:\/\/www.funceme.br\/index.php?rest_route=%2Fwp%2Fv2%2Fcategories&post=14227"},{"taxonomy":"post_tag","embeddable":true,"href":"http:\/\/www.funceme.br\/index.php?rest_route=%2Fwp%2Fv2%2Ftags&post=14227"}],"curies":[{"name":"wp","href":"https:\/\/api.w.org\/{rel}","templated":true}]}}