{"id":14232,"date":"2025-06-21T12:58:29","date_gmt":"2025-06-21T15:58:29","guid":{"rendered":"http:\/\/www.funceme.br\/?p=14232"},"modified":"2025-06-21T12:58:42","modified_gmt":"2025-06-21T15:58:42","slug":"14232","status":"publish","type":"post","link":"http:\/\/www.funceme.br\/?p=14232","title":{"rendered":"In\u00edcio do inverno favorece tempo mais ameno; Fortaleza registra m\u00ednima de 21,6\u00b0C"},"content":{"rendered":"<p style=\"text-align: justify;\" data-start=\"229\" data-end=\"597\">O in\u00edcio do inverno no hemisf\u00e9rio sul j\u00e1 come\u00e7a a influenciar as condi\u00e7\u00f5es de tempo no Cear\u00e1. Em Fortaleza, a madrugada deste s\u00e1bado (21) registrou 21,6\u00b0C, a menor temperatura na Capital neste m\u00eas de junho. Segundo a Funda\u00e7\u00e3o Cearense de Meteorologia e Recursos H\u00eddricos (Funceme), o valor \u00e9 resultado de uma combina\u00e7\u00e3o entre o fim do per\u00edodo chuvoso e as caracter\u00edsticas t\u00edpicas da nova esta\u00e7\u00e3o.<\/p>\n<p style=\"text-align: justify;\" data-start=\"599\" data-end=\"1032\">Apesar de o inverno n\u00e3o provocar quedas bruscas de temperatura no Cear\u00e1 como ocorre nas regi\u00f5es Sul e Sudeste do pa\u00eds, o per\u00edodo costuma trazer condi\u00e7\u00f5es mais amenas. Isso acontece porque, com o fim das chuvas mais intensas, a atmosfera tende a ficar mais est\u00e1vel, ou seja, com menos nuvens e menor incid\u00eancia de radia\u00e7\u00e3o solar \u2014 fatores que favorecem a redu\u00e7\u00e3o das temperaturas, principalmente entre a madrugada e o in\u00edcio da manh\u00e3.<\/p>\n<p style=\"text-align: justify;\" data-start=\"1034\" data-end=\"1347\">Climatologicamente, os menores valores de temperatura m\u00ednima em Fortaleza s\u00e3o registrados justamente entre os meses de junho e agosto, que correspondem ao inverno no hemisf\u00e9rio sul. Na esta\u00e7\u00e3o do Inmet localizada no bairro Itaperi, por exemplo, a m\u00e9dia hist\u00f3rica das m\u00ednimas nessa \u00e9poca \u00e9 de aproximadamente 23\u00b0C.<\/p>\n<p data-start=\"1034\" data-end=\"1347\"><img decoding=\"async\" loading=\"lazy\" class=\"alignnone wp-image-14233\" src=\"http:\/\/www.funceme.br\/wp-content\/uploads\/2025\/06\/WhatsApp-Image-2025-06-21-at-12.27.44.jpeg\" alt=\"\" width=\"750\" height=\"500\" srcset=\"http:\/\/www.funceme.br\/wp-content\/uploads\/2025\/06\/WhatsApp-Image-2025-06-21-at-12.27.44.jpeg 1200w, http:\/\/www.funceme.br\/wp-content\/uploads\/2025\/06\/WhatsApp-Image-2025-06-21-at-12.27.44-600x400.jpeg 600w, http:\/\/www.funceme.br\/wp-content\/uploads\/2025\/06\/WhatsApp-Image-2025-06-21-at-12.27.44-768x512.jpeg 768w\" sizes=\"(max-width: 750px) 100vw, 750px\" \/><\/p>\n<p style=\"text-align: justify;\" data-start=\"1349\" data-end=\"1679\">A Funceme tamb\u00e9m destaca que, mesmo com o fim da quadra chuvosa, algumas precipita\u00e7\u00f5es ainda podem ocorrer em junho. Foi o que aconteceu nesta sexta-feira (20), quando choveu em Fortaleza e o c\u00e9u permaneceu nublado durante boa parte do dia. Isso colaborou para que a temperatura m\u00e1xima ficasse abaixo do normal, entre 28\u00b0C e 29\u00b0C<\/p>\n","protected":false},"excerpt":{"rendered":"<p>O in\u00edcio do inverno no hemisf\u00e9rio sul j\u00e1 come\u00e7a a influenciar as condi\u00e7\u00f5es de tempo no Cear\u00e1. Em Fortaleza, a madrugada deste s\u00e1bado (21) registrou 21,6\u00b0C, a menor temperatura na Capital neste m\u00eas de junho.<\/p>\n","protected":false},"author":4,"featured_media":14233,"comment_status":"closed","ping_status":"open","sticky":false,"template":"","format":"standard","meta":[],"categories":[81,15],"tags":[49,282],"acf":[],"_links":{"self":[{"href":"http:\/\/www.funceme.br\/index.php?rest_route=\/wp\/v2\/posts\/14232"}],"collection":[{"href":"http:\/\/www.funceme.br\/index.php?rest_route=\/wp\/v2\/posts"}],"about":[{"href":"http:\/\/www.funceme.br\/index.php?rest_route=\/wp\/v2\/types\/post"}],"author":[{"embeddable":true,"href":"http:\/\/www.funceme.br\/index.php?rest_route=\/wp\/v2\/users\/4"}],"replies":[{"embeddable":true,"href":"http:\/\/www.funceme.br\/index.php?rest_route=%2Fwp%2Fv2%2Fcomments&post=14232"}],"version-history":[{"count":2,"href":"http:\/\/www.funceme.br\/index.php?rest_route=\/wp\/v2\/posts\/14232\/revisions"}],"predecessor-version":[{"id":14235,"href":"http:\/\/www.funceme.br\/index.php?rest_route=\/wp\/v2\/posts\/14232\/revisions\/14235"}],"wp:featuredmedia":[{"embeddable":true,"href":"http:\/\/www.funceme.br\/index.php?rest_route=\/wp\/v2\/media\/14233"}],"wp:attachment":[{"href":"http:\/\/www.funceme.br\/index.php?rest_route=%2Fwp%2Fv2%2Fmedia&parent=14232"}],"wp:term":[{"taxonomy":"category","embeddable":true,"href":"http:\/\/www.funceme.br\/index.php?rest_route=%2Fwp%2Fv2%2Fcategories&post=14232"},{"taxonomy":"post_tag","embeddable":true,"href":"http:\/\/www.funceme.br\/index.php?rest_route=%2Fwp%2Fv2%2Ftags&post=14232"}],"curies":[{"name":"wp","href":"https:\/\/api.w.org\/{rel}","templated":true}]}}