{"id":14248,"date":"2025-06-28T10:35:45","date_gmt":"2025-06-28T13:35:45","guid":{"rendered":"http:\/\/www.funceme.br\/?p=14248"},"modified":"2025-06-28T10:35:45","modified_gmt":"2025-06-28T13:35:45","slug":"centro-norte-do-estado-tem-aviso-meteorologico-para-chuvas-mais-expressivas-entre-sabado-e-domingo","status":"publish","type":"post","link":"http:\/\/www.funceme.br\/?p=14248","title":{"rendered":"Centro-norte do estado tem aviso meteorol\u00f3gico para chuvas mais expressivas entre s\u00e1bado e domingo"},"content":{"rendered":"<div id=\"attachment_14249\" style=\"width: 760px\" class=\"wp-caption alignnone\"><img aria-describedby=\"caption-attachment-14249\" decoding=\"async\" loading=\"lazy\" class=\"wp-image-14249\" src=\"http:\/\/www.funceme.br\/wp-content\/uploads\/2025\/06\/WhatsApp-Image-2025-06-16-at-10.32.35-1-scaled.jpeg\" alt=\"Para o domingo (29), a tend\u00eancia \u00e9 de chuvas moderadas entre a madrugada e a manh\u00e3, com possibilidade de precipita\u00e7\u00f5es fracas e passageiras nos demais per\u00edodos do dia. (FOTO: Marciel Bezerra)\" width=\"750\" height=\"563\" srcset=\"http:\/\/www.funceme.br\/wp-content\/uploads\/2025\/06\/WhatsApp-Image-2025-06-16-at-10.32.35-1-scaled.jpeg 2560w, http:\/\/www.funceme.br\/wp-content\/uploads\/2025\/06\/WhatsApp-Image-2025-06-16-at-10.32.35-1-600x450.jpeg 600w, http:\/\/www.funceme.br\/wp-content\/uploads\/2025\/06\/WhatsApp-Image-2025-06-16-at-10.32.35-1-1200x900.jpeg 1200w, http:\/\/www.funceme.br\/wp-content\/uploads\/2025\/06\/WhatsApp-Image-2025-06-16-at-10.32.35-1-768x576.jpeg 768w, http:\/\/www.funceme.br\/wp-content\/uploads\/2025\/06\/WhatsApp-Image-2025-06-16-at-10.32.35-1-1536x1152.jpeg 1536w, http:\/\/www.funceme.br\/wp-content\/uploads\/2025\/06\/WhatsApp-Image-2025-06-16-at-10.32.35-1-2048x1536.jpeg 2048w\" sizes=\"(max-width: 750px) 100vw, 750px\" \/><p id=\"caption-attachment-14249\" class=\"wp-caption-text\"><em>Para o domingo (29), a tend\u00eancia \u00e9 de chuvas moderadas entre a madrugada e a manh\u00e3, com possibilidade de precipita\u00e7\u00f5es fracas e passageiras nos demais per\u00edodos do dia. (FOTO: Marciel Bezerra)<\/em><\/p><\/div>\n<p>A Funda\u00e7\u00e3o Cearense de Meteorologia e Recursos H\u00eddricos (Funceme) emitiu um aviso meteorol\u00f3gico de chuvas intensas v\u00e1lidas entre as 18h deste s\u00e1bado (28) e o meio-dia de domingo (29) para o estado do Cear\u00e1. A condi\u00e7\u00e3o \u00e9 provocada pela aproxima\u00e7\u00e3o de um Cavado em superf\u00edcie \u2014 sistema meteorol\u00f3gico que favorece a forma\u00e7\u00e3o de nuvens e precipita\u00e7\u00f5es.<\/p>\n<p>O Cavado, que \u00e9 uma \u00e1rea alongada de baixa press\u00e3o atmosf\u00e9rica, atua como um corredor para a entrada de umidade e instabilidade, favorecendo a eleva\u00e7\u00e3o da nebulosidade e a ocorr\u00eancia de chuvas. Neste caso, o sistema est\u00e1 se deslocando pela costa leste do Nordeste e influenciando diretamente o tempo no Cear\u00e1.<\/p>\n<p>Ao longo do s\u00e1bado, a previs\u00e3o indica c\u00e9u variando de parcialmente nublado a nublado com chuvas isoladas em diferentes regi\u00f5es do estado, especialmente no per\u00edodo da tarde e noite, com destaque para \u00e1reas como o norte da Jaguaribana, Maci\u00e7o de Baturit\u00e9, Fortaleza e Regi\u00e3o Metropolitana. As precipita\u00e7\u00f5es devem ser de intensidade moderada a fraca.<\/p>\n<p>Para o domingo (29), a tend\u00eancia \u00e9 de chuvas moderadas entre a madrugada e a manh\u00e3, com possibilidade de precipita\u00e7\u00f5es fracas e passageiras nos demais per\u00edodos do dia. J\u00e1 na segunda-feira (30), permanece a expectativa de chuva fraca e de curta dura\u00e7\u00e3o, especialmente entre a madrugada e o in\u00edcio da manh\u00e3.<\/p>\n<p>A Funceme refor\u00e7a a import\u00e2ncia de acompanhar atualiza\u00e7\u00f5es da previs\u00e3o por meio de seus canais oficiais. A previs\u00e3o completa por turnos pode ser acessada em: www.funceme.br\/?page_id=2543.<\/p>\n","protected":false},"excerpt":{"rendered":"<p>A Funda\u00e7\u00e3o Cearense de Meteorologia e Recursos H\u00eddricos (Funceme) emitiu um aviso meteorol\u00f3gico de chuvas intensas v\u00e1lidas entre as 18h deste s\u00e1bado (28) e o meio-dia de domingo (29) para o estado do Cear\u00e1.<\/p>\n","protected":false},"author":4,"featured_media":14249,"comment_status":"closed","ping_status":"open","sticky":false,"template":"","format":"standard","meta":[],"categories":[81,15],"tags":[47,170],"acf":[],"_links":{"self":[{"href":"http:\/\/www.funceme.br\/index.php?rest_route=\/wp\/v2\/posts\/14248"}],"collection":[{"href":"http:\/\/www.funceme.br\/index.php?rest_route=\/wp\/v2\/posts"}],"about":[{"href":"http:\/\/www.funceme.br\/index.php?rest_route=\/wp\/v2\/types\/post"}],"author":[{"embeddable":true,"href":"http:\/\/www.funceme.br\/index.php?rest_route=\/wp\/v2\/users\/4"}],"replies":[{"embeddable":true,"href":"http:\/\/www.funceme.br\/index.php?rest_route=%2Fwp%2Fv2%2Fcomments&post=14248"}],"version-history":[{"count":1,"href":"http:\/\/www.funceme.br\/index.php?rest_route=\/wp\/v2\/posts\/14248\/revisions"}],"predecessor-version":[{"id":14250,"href":"http:\/\/www.funceme.br\/index.php?rest_route=\/wp\/v2\/posts\/14248\/revisions\/14250"}],"wp:featuredmedia":[{"embeddable":true,"href":"http:\/\/www.funceme.br\/index.php?rest_route=\/wp\/v2\/media\/14249"}],"wp:attachment":[{"href":"http:\/\/www.funceme.br\/index.php?rest_route=%2Fwp%2Fv2%2Fmedia&parent=14248"}],"wp:term":[{"taxonomy":"category","embeddable":true,"href":"http:\/\/www.funceme.br\/index.php?rest_route=%2Fwp%2Fv2%2Fcategories&post=14248"},{"taxonomy":"post_tag","embeddable":true,"href":"http:\/\/www.funceme.br\/index.php?rest_route=%2Fwp%2Fv2%2Ftags&post=14248"}],"curies":[{"name":"wp","href":"https:\/\/api.w.org\/{rel}","templated":true}]}}