{"id":14274,"date":"2025-07-07T11:38:01","date_gmt":"2025-07-07T14:38:01","guid":{"rendered":"http:\/\/www.funceme.br\/?p=14274"},"modified":"2025-07-07T11:38:01","modified_gmt":"2025-07-07T14:38:01","slug":"semana-comeca-com-chuvas-isoladas-no-ceara-mas-acumulados-devem-aumentar-na-quarta-9","status":"publish","type":"post","link":"http:\/\/www.funceme.br\/?p=14274","title":{"rendered":"Semana come\u00e7a com chuvas isoladas no Cear\u00e1, mas acumulados devem aumentar na quarta (9)"},"content":{"rendered":"<div id=\"attachment_14275\" style=\"width: 760px\" class=\"wp-caption aligncenter\"><img aria-describedby=\"caption-attachment-14275\" decoding=\"async\" loading=\"lazy\" class=\"wp-image-14275\" src=\"http:\/\/www.funceme.br\/wp-content\/uploads\/2025\/07\/WhatsApp-Image-2025-07-07-at-07.52.43-scaled.jpeg\" alt=\"As temperaturas seguem elevadas, podendo chegar aos 36\u202f\u00b0C em \u00e1reas do interior (FOTO: Marciel Bezerra)\" width=\"750\" height=\"422\" srcset=\"http:\/\/www.funceme.br\/wp-content\/uploads\/2025\/07\/WhatsApp-Image-2025-07-07-at-07.52.43-scaled.jpeg 2560w, http:\/\/www.funceme.br\/wp-content\/uploads\/2025\/07\/WhatsApp-Image-2025-07-07-at-07.52.43-600x338.jpeg 600w, http:\/\/www.funceme.br\/wp-content\/uploads\/2025\/07\/WhatsApp-Image-2025-07-07-at-07.52.43-1200x675.jpeg 1200w, http:\/\/www.funceme.br\/wp-content\/uploads\/2025\/07\/WhatsApp-Image-2025-07-07-at-07.52.43-768x432.jpeg 768w, http:\/\/www.funceme.br\/wp-content\/uploads\/2025\/07\/WhatsApp-Image-2025-07-07-at-07.52.43-1536x864.jpeg 1536w, http:\/\/www.funceme.br\/wp-content\/uploads\/2025\/07\/WhatsApp-Image-2025-07-07-at-07.52.43-2048x1152.jpeg 2048w\" sizes=\"(max-width: 750px) 100vw, 750px\" \/><p id=\"caption-attachment-14275\" class=\"wp-caption-text\"><span style=\"color: #6b6b6b;\"><em>As temperaturas seguem elevadas, podendo chegar aos 36\u202f\u00b0C em \u00e1reas do interior (FOTO: Marciel Bezerra)<\/em><\/span><\/p><\/div>\n<p data-start=\"67\" data-end=\"400\">A previs\u00e3o da Funda\u00e7\u00e3o Cearense de Meteorologia e Recursos H\u00eddricos (Funceme) indica que os primeiros dias da semana ter\u00e3o chuvas fracas e isoladas em algumas regi\u00f5es do Cear\u00e1, com destaque para o litoral, Sert\u00e3o Central, Inhamuns e Jaguaribana. Entretanto, as condi\u00e7\u00f5es para chuva devem se intensificar a partir de quarta-feira (9).<\/p>\n<p data-start=\"402\" data-end=\"834\">At\u00e9 l\u00e1, o tempo segue parcialmente nublado, com precipita\u00e7\u00f5es pontuais, especialmente durante a madrugada e manh\u00e3. J\u00e1 na quarta, \u00e1reas de instabilidade vindas do Oceano Atl\u00e2ntico e do interior do Nordeste devem provocar chuvas mais abrangentes e com maiores acumulados. As precipita\u00e7\u00f5es devem ocorrer em todas as macrorregi\u00f5es, com possibilidade de intensidade moderada na Jaguaribana, Cariri e faixa litor\u00e2nea, incluindo Fortaleza.<\/p>\n<p data-start=\"836\" data-end=\"1104\">As temperaturas seguem elevadas, podendo chegar aos 36\u202f\u00b0C em \u00e1reas do interior, enquanto nas regi\u00f5es serranas do sul e oeste do estado, os term\u00f4metros podem marcar at\u00e9 16\u202f\u00b0C durante a madrugada. Os ventos devem atingir at\u00e9 50 km\/h, com dire\u00e7\u00e3o predominante de sudeste.<\/p>\n<p data-start=\"1106\" data-end=\"1383\" data-is-last-node=\"\" data-is-only-node=\"\"><strong data-start=\"1106\" data-end=\"1122\">Em Fortaleza<\/strong>, a segunda e a ter\u00e7a-feira ser\u00e3o marcadas por chuvas fracas e isoladas, principalmente entre a madrugada e a manh\u00e3. Na quarta-feira, os acumulados devem aumentar, com possibilidade de chuva moderada \u00e0 noite. As temperaturas na capital variam entre 23\u00b0C e 32\u00b0C.<\/p>\n","protected":false},"excerpt":{"rendered":"<p>A previs\u00e3o da Funda\u00e7\u00e3o Cearense de Meteorologia e Recursos H\u00eddricos (Funceme) indica que os primeiros dias da semana ter\u00e3o chuvas fracas e isoladas em algumas regi\u00f5es do Cear\u00e1, com destaque para o litoral, Sert\u00e3o Central, Inhamuns e Jaguaribana. Entretanto, as condi\u00e7\u00f5es para chuva devem se intensificar a partir de quarta-feira (9).<\/p>\n","protected":false},"author":4,"featured_media":14275,"comment_status":"closed","ping_status":"open","sticky":false,"template":"","format":"standard","meta":[],"categories":[81,15],"tags":[57,47,74],"acf":[],"_links":{"self":[{"href":"http:\/\/www.funceme.br\/index.php?rest_route=\/wp\/v2\/posts\/14274"}],"collection":[{"href":"http:\/\/www.funceme.br\/index.php?rest_route=\/wp\/v2\/posts"}],"about":[{"href":"http:\/\/www.funceme.br\/index.php?rest_route=\/wp\/v2\/types\/post"}],"author":[{"embeddable":true,"href":"http:\/\/www.funceme.br\/index.php?rest_route=\/wp\/v2\/users\/4"}],"replies":[{"embeddable":true,"href":"http:\/\/www.funceme.br\/index.php?rest_route=%2Fwp%2Fv2%2Fcomments&post=14274"}],"version-history":[{"count":1,"href":"http:\/\/www.funceme.br\/index.php?rest_route=\/wp\/v2\/posts\/14274\/revisions"}],"predecessor-version":[{"id":14276,"href":"http:\/\/www.funceme.br\/index.php?rest_route=\/wp\/v2\/posts\/14274\/revisions\/14276"}],"wp:featuredmedia":[{"embeddable":true,"href":"http:\/\/www.funceme.br\/index.php?rest_route=\/wp\/v2\/media\/14275"}],"wp:attachment":[{"href":"http:\/\/www.funceme.br\/index.php?rest_route=%2Fwp%2Fv2%2Fmedia&parent=14274"}],"wp:term":[{"taxonomy":"category","embeddable":true,"href":"http:\/\/www.funceme.br\/index.php?rest_route=%2Fwp%2Fv2%2Fcategories&post=14274"},{"taxonomy":"post_tag","embeddable":true,"href":"http:\/\/www.funceme.br\/index.php?rest_route=%2Fwp%2Fv2%2Ftags&post=14274"}],"curies":[{"name":"wp","href":"https:\/\/api.w.org\/{rel}","templated":true}]}}