{"id":14279,"date":"2025-07-10T09:37:43","date_gmt":"2025-07-10T12:37:43","guid":{"rendered":"http:\/\/www.funceme.br\/?p=14279"},"modified":"2025-07-10T12:38:23","modified_gmt":"2025-07-10T15:38:23","slug":"ceara-tera-chuvas-isoladas-ate-sexta-fim-de-semana-deve-ser-de-tempo-firme","status":"publish","type":"post","link":"http:\/\/www.funceme.br\/?p=14279","title":{"rendered":"Cear\u00e1 ter\u00e1 chuvas isoladas at\u00e9 sexta; fim de semana deve ser de tempo firme"},"content":{"rendered":"<div id=\"attachment_14280\" style=\"width: 760px\" class=\"wp-caption aligncenter\"><img aria-describedby=\"caption-attachment-14280\" decoding=\"async\" loading=\"lazy\" class=\"wp-image-14280\" src=\"http:\/\/www.funceme.br\/wp-content\/uploads\/2025\/07\/WhatsApp-Image-2025-07-08-at-17.09.56-scaled.jpeg\" alt=\"As temperaturas m\u00ednimas ficam entre 16\u00b0C e 19\u00b0C nas regi\u00f5es serranas (como Ibiapaba, Baturit\u00e9 e Cariri) (FOTO: Marciel Bezerra)\" width=\"750\" height=\"422\" srcset=\"http:\/\/www.funceme.br\/wp-content\/uploads\/2025\/07\/WhatsApp-Image-2025-07-08-at-17.09.56-scaled.jpeg 2560w, http:\/\/www.funceme.br\/wp-content\/uploads\/2025\/07\/WhatsApp-Image-2025-07-08-at-17.09.56-600x338.jpeg 600w, http:\/\/www.funceme.br\/wp-content\/uploads\/2025\/07\/WhatsApp-Image-2025-07-08-at-17.09.56-1200x675.jpeg 1200w, http:\/\/www.funceme.br\/wp-content\/uploads\/2025\/07\/WhatsApp-Image-2025-07-08-at-17.09.56-768x432.jpeg 768w, http:\/\/www.funceme.br\/wp-content\/uploads\/2025\/07\/WhatsApp-Image-2025-07-08-at-17.09.56-1536x864.jpeg 1536w, http:\/\/www.funceme.br\/wp-content\/uploads\/2025\/07\/WhatsApp-Image-2025-07-08-at-17.09.56-2048x1152.jpeg 2048w\" sizes=\"(max-width: 750px) 100vw, 750px\" \/><p id=\"caption-attachment-14280\" class=\"wp-caption-text\"><span style=\"color: #6b6b6b;\"><em>As temperaturas m\u00ednimas ficam entre 16\u00b0C e 19\u00b0C nas regi\u00f5es serranas (como Ibiapaba, Baturit\u00e9 e Cariri) (FOTO: Marciel Bezerra)<\/em><\/span><\/p><\/div>\n<p style=\"text-align: justify;\" data-start=\"274\" data-end=\"814\">A previs\u00e3o da Funceme indica chuvas fracas, r\u00e1pidas e isoladas em \u00e1reas do centro-norte do Cear\u00e1 at\u00e9 sexta-feira (11). A principal causa \u00e9 a presen\u00e7a de instabilidades atmosf\u00e9ricas na costa do estado, associadas a um cavado meteorol\u00f3gico no Oceano Atl\u00e2ntico \u2014 uma \u00e1rea alongada de baixa press\u00e3o que favorece a forma\u00e7\u00e3o de nuvens. Tamb\u00e9m atuam efeitos locais, como brisa mar\u00edtima (vento do mar para o continente que traz umidade) e a intera\u00e7\u00e3o do vento com o relevo, que ajuda na forma\u00e7\u00e3o de nuvens em \u00e1reas serranas.<\/p>\n<p style=\"text-align: justify;\" data-start=\"816\" data-end=\"1218\">Na Regi\u00e3o Metropolitana de Fortaleza, quinta-feira (10) deve ter chuvas passageiras entre o fim da manh\u00e3 e in\u00edcio da tarde, e chance menor de chuva \u00e0 noite. J\u00e1 na madrugada de sexta (11), h\u00e1 possibilidade de precipita\u00e7\u00f5es fracas no Litoral de Fortaleza, Litoral do Pec\u00e9m e parte do Sert\u00e3o Central e Inhamuns. Noite com chance de chuva em \u00e1reas como Jaguaribana, Cariri e novamente Sert\u00e3o Central e Inhamuns.<\/p>\n<p style=\"text-align: justify;\" data-start=\"1220\" data-end=\"1348\">No s\u00e1bado (12), o tempo deve ficar mais firme em todas as regi\u00f5es: c\u00e9u limpo ou com poucas nuvens ao longo do dia, sem expectativa de chuva.<\/p>\n<p style=\"text-align: justify;\" data-start=\"1350\" data-end=\"1572\">As temperaturas m\u00ednimas ficam entre 16\u00b0C e 19\u00b0C nas regi\u00f5es serranas (como Ibiapaba, Baturit\u00e9 e Cariri), enquanto as m\u00e1ximas variam de 34\u00b0C a 36\u00b0C no interior, principalmente Sert\u00e3o Central, Inhamuns e Jaguaribana.<\/p>\n<p style=\"text-align: justify;\" data-start=\"1574\" data-end=\"1709\">Os ventos devem ser moderados a fortes no litoral e em \u00e1reas de serra, com rajadas de at\u00e9 50 km\/h, soprando do sudeste e leste.<\/p>\n","protected":false},"excerpt":{"rendered":"<p>A previs\u00e3o da Funceme indica chuvas fracas, r\u00e1pidas e isoladas em \u00e1reas do centro-norte do Cear\u00e1 at\u00e9 sexta-feira (11)<\/p>\n","protected":false},"author":4,"featured_media":14280,"comment_status":"closed","ping_status":"open","sticky":false,"template":"","format":"standard","meta":[],"categories":[81,15],"tags":[57,47,74,46],"acf":[],"_links":{"self":[{"href":"http:\/\/www.funceme.br\/index.php?rest_route=\/wp\/v2\/posts\/14279"}],"collection":[{"href":"http:\/\/www.funceme.br\/index.php?rest_route=\/wp\/v2\/posts"}],"about":[{"href":"http:\/\/www.funceme.br\/index.php?rest_route=\/wp\/v2\/types\/post"}],"author":[{"embeddable":true,"href":"http:\/\/www.funceme.br\/index.php?rest_route=\/wp\/v2\/users\/4"}],"replies":[{"embeddable":true,"href":"http:\/\/www.funceme.br\/index.php?rest_route=%2Fwp%2Fv2%2Fcomments&post=14279"}],"version-history":[{"count":1,"href":"http:\/\/www.funceme.br\/index.php?rest_route=\/wp\/v2\/posts\/14279\/revisions"}],"predecessor-version":[{"id":14281,"href":"http:\/\/www.funceme.br\/index.php?rest_route=\/wp\/v2\/posts\/14279\/revisions\/14281"}],"wp:featuredmedia":[{"embeddable":true,"href":"http:\/\/www.funceme.br\/index.php?rest_route=\/wp\/v2\/media\/14280"}],"wp:attachment":[{"href":"http:\/\/www.funceme.br\/index.php?rest_route=%2Fwp%2Fv2%2Fmedia&parent=14279"}],"wp:term":[{"taxonomy":"category","embeddable":true,"href":"http:\/\/www.funceme.br\/index.php?rest_route=%2Fwp%2Fv2%2Fcategories&post=14279"},{"taxonomy":"post_tag","embeddable":true,"href":"http:\/\/www.funceme.br\/index.php?rest_route=%2Fwp%2Fv2%2Ftags&post=14279"}],"curies":[{"name":"wp","href":"https:\/\/api.w.org\/{rel}","templated":true}]}}