{"id":14304,"date":"2025-07-28T20:53:47","date_gmt":"2025-07-28T23:53:47","guid":{"rendered":"http:\/\/www.funceme.br\/?p=14304"},"modified":"2025-07-28T20:53:47","modified_gmt":"2025-07-28T23:53:47","slug":"seca-se-intensifica-no-ceara-e-atinge-maior-severidade-desde-dezembro-de-2024-aponta-monitor-de-secas","status":"publish","type":"post","link":"http:\/\/www.funceme.br\/?p=14304","title":{"rendered":"Seca se intensifica no Cear\u00e1 e atinge maior severidade desde dezembro de 2024, aponta Monitor de Secas"},"content":{"rendered":"<p><img decoding=\"async\" loading=\"lazy\" class=\"alignnone wp-image-14305\" src=\"http:\/\/www.funceme.br\/wp-content\/uploads\/2025\/07\/132_junho2025-e1753746518343.png\" alt=\"\" width=\"750\" height=\"935\" srcset=\"http:\/\/www.funceme.br\/wp-content\/uploads\/2025\/07\/132_junho2025-e1753746518343.png 2481w, http:\/\/www.funceme.br\/wp-content\/uploads\/2025\/07\/132_junho2025-e1753746518343-600x748.png 600w, http:\/\/www.funceme.br\/wp-content\/uploads\/2025\/07\/132_junho2025-e1753746518343-1200x1496.png 1200w, http:\/\/www.funceme.br\/wp-content\/uploads\/2025\/07\/132_junho2025-e1753746518343-768x958.png 768w, http:\/\/www.funceme.br\/wp-content\/uploads\/2025\/07\/132_junho2025-e1753746518343-1232x1536.png 1232w, http:\/\/www.funceme.br\/wp-content\/uploads\/2025\/07\/132_junho2025-e1753746518343-1642x2048.png 1642w\" sizes=\"(max-width: 750px) 100vw, 750px\" \/><\/p>\n<p>Apesar de a \u00e1rea total com seca no Cear\u00e1 ter permanecido em 76% entre os meses de maio e junho, a condi\u00e7\u00e3o de severidade no estado se agravou de forma significativa no \u00faltimo m\u00eas, conforme os dados mais recentes do Monitor de Secas, ferramenta coordenada pela Ag\u00eancia Nacional de \u00c1guas e Saneamento B\u00e1sico (ANA).<\/p>\n<p>De acordo com o levantamento, houve um salto expressivo na \u00e1rea com seca moderada no estado, que passou de 2% em maio para 34% em junho \u2014 o que representa a condi\u00e7\u00e3o mais severa no territ\u00f3rio cearense desde dezembro de 2024, quando 43% do estado registravam seca grave.<\/p>\n<p>Segundo an\u00e1lise da Funda\u00e7\u00e3o Cearense de Meteorologia e Recursos H\u00eddricos (Funceme), que participa mensalmente da elabora\u00e7\u00e3o dos dados do Monitor, a intensifica\u00e7\u00e3o da seca no Cear\u00e1 est\u00e1 diretamente ligada \u00e0 redu\u00e7\u00e3o das chuvas a partir de maio, ap\u00f3s o encerramento do principal per\u00edodo chuvoso do estado, conhecido como quadra chuvosa (fevereiro a maio).<\/p>\n<p>Entre os poss\u00edveis impactos associados \u00e0 seca moderada est\u00e3o a diminui\u00e7\u00e3o no plantio, d\u00e9ficits h\u00eddricos prolongados, pastagens e culturas agr\u00edcolas que n\u00e3o se recuperaram totalmente, al\u00e9m de danos mais evidentes \u00e0s lavouras, \u00e1reas de pasto e aos recursos h\u00eddricos, como c\u00f3rregos, reservat\u00f3rios e po\u00e7os com n\u00edveis mais baixos.<\/p>\n<p>O Monitor de Secas \u00e9 uma ferramenta de acompanhamento cont\u00ednuo da situa\u00e7\u00e3o da estiagem no Brasil. Seus resultados s\u00e3o divulgados mensalmente por meio de uma mapa que apresenta a intensidade e a abrang\u00eancia da seca em cada unidade da federa\u00e7\u00e3o. A iniciativa \u00e9 coordenada pela ANA, com apoio de institui\u00e7\u00f5es parceiras nos estados \u2014 no caso do Cear\u00e1, a Funceme \u00e9 respons\u00e1vel pela operacionaliza\u00e7\u00e3o e an\u00e1lise local.<\/p>\n<p>O monitoramento serve como subs\u00eddio importante para decis\u00f5es em \u00e1reas como agricultura, recursos h\u00eddricos e planejamento de pol\u00edticas p\u00fablicas, especialmente em regi\u00f5es historicamente vulner\u00e1veis \u00e0 variabilidade clim\u00e1tica, como o semi\u00e1rido nordestino.<\/p>\n","protected":false},"excerpt":{"rendered":"<p>Apesar de a \u00e1rea total com seca no Cear\u00e1 ter permanecido em 76% entre os meses de maio e junho, a condi\u00e7\u00e3o de severidade no estado se agravou de forma significativa no \u00faltimo m\u00eas, conforme os dados mais recentes do Monitor de Secas, ferramenta coordenada pela Ag\u00eancia Nacional de \u00c1guas e Saneamento B\u00e1sico (ANA). De [&hellip;]<\/p>\n","protected":false},"author":4,"featured_media":0,"comment_status":"closed","ping_status":"open","sticky":false,"template":"","format":"standard","meta":[],"categories":[88,15],"tags":[],"acf":[],"_links":{"self":[{"href":"http:\/\/www.funceme.br\/index.php?rest_route=\/wp\/v2\/posts\/14304"}],"collection":[{"href":"http:\/\/www.funceme.br\/index.php?rest_route=\/wp\/v2\/posts"}],"about":[{"href":"http:\/\/www.funceme.br\/index.php?rest_route=\/wp\/v2\/types\/post"}],"author":[{"embeddable":true,"href":"http:\/\/www.funceme.br\/index.php?rest_route=\/wp\/v2\/users\/4"}],"replies":[{"embeddable":true,"href":"http:\/\/www.funceme.br\/index.php?rest_route=%2Fwp%2Fv2%2Fcomments&post=14304"}],"version-history":[{"count":1,"href":"http:\/\/www.funceme.br\/index.php?rest_route=\/wp\/v2\/posts\/14304\/revisions"}],"predecessor-version":[{"id":14306,"href":"http:\/\/www.funceme.br\/index.php?rest_route=\/wp\/v2\/posts\/14304\/revisions\/14306"}],"wp:attachment":[{"href":"http:\/\/www.funceme.br\/index.php?rest_route=%2Fwp%2Fv2%2Fmedia&parent=14304"}],"wp:term":[{"taxonomy":"category","embeddable":true,"href":"http:\/\/www.funceme.br\/index.php?rest_route=%2Fwp%2Fv2%2Fcategories&post=14304"},{"taxonomy":"post_tag","embeddable":true,"href":"http:\/\/www.funceme.br\/index.php?rest_route=%2Fwp%2Fv2%2Ftags&post=14304"}],"curies":[{"name":"wp","href":"https:\/\/api.w.org\/{rel}","templated":true}]}}