{"id":14319,"date":"2025-08-19T10:55:34","date_gmt":"2025-08-19T13:55:34","guid":{"rendered":"http:\/\/www.funceme.br\/?p=14319"},"modified":"2025-08-19T10:55:34","modified_gmt":"2025-08-19T13:55:34","slug":"ceara-chega-a-cerca-de-90-do-seu-territorio-com-seca-relativa-aponta-monitor","status":"publish","type":"post","link":"http:\/\/www.funceme.br\/?p=14319","title":{"rendered":"Cear\u00e1 chega a cerca de 90% do seu territ\u00f3rio com seca relativa, aponta Monitor"},"content":{"rendered":"<p><img decoding=\"async\" loading=\"lazy\" class=\"aligncenter wp-image-14320\" src=\"http:\/\/www.funceme.br\/wp-content\/uploads\/2025\/08\/07-julho-25.png\" alt=\"\" width=\"424\" height=\"600\" srcset=\"http:\/\/www.funceme.br\/wp-content\/uploads\/2025\/08\/07-julho-25.png 2480w, http:\/\/www.funceme.br\/wp-content\/uploads\/2025\/08\/07-julho-25-600x848.png 600w, http:\/\/www.funceme.br\/wp-content\/uploads\/2025\/08\/07-julho-25-1200x1697.png 1200w, http:\/\/www.funceme.br\/wp-content\/uploads\/2025\/08\/07-julho-25-768x1086.png 768w, http:\/\/www.funceme.br\/wp-content\/uploads\/2025\/08\/07-julho-25-1086x1536.png 1086w, http:\/\/www.funceme.br\/wp-content\/uploads\/2025\/08\/07-julho-25-1448x2048.png 1448w\" sizes=\"(max-width: 424px) 100vw, 424px\" \/><\/p>\n<p>O mapa mais recente do Monitor de Secas mostra que, em julho, 88,7% do territ\u00f3rio cearense registrou algum grau de seca. Trata-se do cen\u00e1rio mais cr\u00edtico desde janeiro de 2024, quando praticamente todo o estado estava comprometido.<\/p>\n<p>No m\u00eas passado, a varia\u00e7\u00e3o foi de aproximadamente 13%, com destaque para o avan\u00e7o da seca fraca, caracterizada por redu\u00e7\u00e3o no plantio, d\u00e9ficits h\u00eddricos mais prolongados e pastagens ou lavouras que ainda n\u00e3o se restabeleceram completamente.<\/p>\n<p>J\u00e1 a seca moderada, um est\u00e1gio mais severo, passou de 33,89% para 35,12% entre junho e julho. Essa categoria est\u00e1 concentrada no oeste do estado, abrangendo \u00e1reas da Ibiapaba, Sert\u00e3o Central e Inhamuns, al\u00e9m de trechos da regi\u00e3o Jaguaribana.<\/p>\n<p>Os 11,31% livres de seca relativa se localizam em uma faixa litor\u00e2nea, principalmente entre Fortaleza e Pec\u00e9m, e em um n\u00facleo ao sul do Cear\u00e1.<\/p>\n<p>No estado, a intensifica\u00e7\u00e3o da seca est\u00e1 associada, sobretudo, \u00e0 redu\u00e7\u00e3o das precipita\u00e7\u00f5es ap\u00f3s o encerramento da quadra chuvosa, em maio.<\/p>\n<p><strong>Sobre o Monitor de Secas<\/strong><\/p>\n<p>O Monitor de Secas \u00e9 um instrumento de acompanhamento cont\u00ednuo da estiagem no Brasil. Seus resultados s\u00e3o divulgados mensalmente em um mapa que indica a intensidade e extens\u00e3o da seca em cada unidade da federa\u00e7\u00e3o. A iniciativa \u00e9 coordenada pela Ag\u00eancia Nacional de \u00c1guas e Saneamento B\u00e1sico (ANA), com apoio de institui\u00e7\u00f5es estaduais parceiras. No Cear\u00e1, a Funceme \u00e9 a respons\u00e1vel pela operacionaliza\u00e7\u00e3o e an\u00e1lise local.<\/p>\n<p>O monitoramento funciona como subs\u00eddio estrat\u00e9gico para decis\u00f5es em \u00e1reas como agricultura, gest\u00e3o de recursos h\u00eddricos e formula\u00e7\u00e3o de pol\u00edticas p\u00fablicas, especialmente em regi\u00f5es historicamente vulner\u00e1veis \u00e0 variabilidade clim\u00e1tica, como o semi\u00e1rido nordestino.<\/p>\n","protected":false},"excerpt":{"rendered":"<p>O mapa mais recente do Monitor de Secas mostra que, em julho, 88,7% do territ\u00f3rio cearense registrou algum grau de seca. Trata-se do cen\u00e1rio mais cr\u00edtico desde janeiro de 2024, quando praticamente todo o estado estava comprometido.<\/p>\n","protected":false},"author":4,"featured_media":14320,"comment_status":"closed","ping_status":"open","sticky":false,"template":"","format":"standard","meta":[],"categories":[88,15],"tags":[57,89],"acf":[],"_links":{"self":[{"href":"http:\/\/www.funceme.br\/index.php?rest_route=\/wp\/v2\/posts\/14319"}],"collection":[{"href":"http:\/\/www.funceme.br\/index.php?rest_route=\/wp\/v2\/posts"}],"about":[{"href":"http:\/\/www.funceme.br\/index.php?rest_route=\/wp\/v2\/types\/post"}],"author":[{"embeddable":true,"href":"http:\/\/www.funceme.br\/index.php?rest_route=\/wp\/v2\/users\/4"}],"replies":[{"embeddable":true,"href":"http:\/\/www.funceme.br\/index.php?rest_route=%2Fwp%2Fv2%2Fcomments&post=14319"}],"version-history":[{"count":1,"href":"http:\/\/www.funceme.br\/index.php?rest_route=\/wp\/v2\/posts\/14319\/revisions"}],"predecessor-version":[{"id":14321,"href":"http:\/\/www.funceme.br\/index.php?rest_route=\/wp\/v2\/posts\/14319\/revisions\/14321"}],"wp:featuredmedia":[{"embeddable":true,"href":"http:\/\/www.funceme.br\/index.php?rest_route=\/wp\/v2\/media\/14320"}],"wp:attachment":[{"href":"http:\/\/www.funceme.br\/index.php?rest_route=%2Fwp%2Fv2%2Fmedia&parent=14319"}],"wp:term":[{"taxonomy":"category","embeddable":true,"href":"http:\/\/www.funceme.br\/index.php?rest_route=%2Fwp%2Fv2%2Fcategories&post=14319"},{"taxonomy":"post_tag","embeddable":true,"href":"http:\/\/www.funceme.br\/index.php?rest_route=%2Fwp%2Fv2%2Ftags&post=14319"}],"curies":[{"name":"wp","href":"https:\/\/api.w.org\/{rel}","templated":true}]}}