{"id":14331,"date":"2025-09-02T10:46:52","date_gmt":"2025-09-02T13:46:52","guid":{"rendered":"http:\/\/www.funceme.br\/?p=14331"},"modified":"2025-09-02T10:46:52","modified_gmt":"2025-09-02T13:46:52","slug":"icid-2025-mais-de-40-sessoes-debatem-clima-resiliencia-e-politicas-publicas-em-fortaleza","status":"publish","type":"post","link":"http:\/\/www.funceme.br\/?p=14331","title":{"rendered":"ICID 2025: mais de 40 sess\u00f5es debatem clima, resili\u00eancia e pol\u00edticas p\u00fablicas em Fortaleza"},"content":{"rendered":"<p><img decoding=\"async\" loading=\"lazy\" class=\"size-full wp-image-14332 aligncenter\" src=\"http:\/\/www.funceme.br\/wp-content\/uploads\/2025\/09\/74771101-1887-4a36-b7ec-2926ef570c0f.jpg\" alt=\"\" width=\"768\" height=\"394\" srcset=\"http:\/\/www.funceme.br\/wp-content\/uploads\/2025\/09\/74771101-1887-4a36-b7ec-2926ef570c0f.jpg 768w, http:\/\/www.funceme.br\/wp-content\/uploads\/2025\/09\/74771101-1887-4a36-b7ec-2926ef570c0f-600x308.jpg 600w\" sizes=\"(max-width: 768px) 100vw, 768px\" \/><\/p>\n<p>&nbsp;<\/p>\n<p style=\"text-align: justify;\">A programa\u00e7\u00e3o da <strong>3\u00aa Confer\u00eancia Internacional sobre Clima e Desenvolvimento em Regi\u00f5es Semi\u00e1ridas (ICID2025)<\/strong> vai reunir, de 15 a 19 de setembro, em Fortaleza (CE), autoridades nacionais e internacionais, especialistas e cientistas renomados em mais de 40 sess\u00f5es tem\u00e1ticas. Os debates abordar\u00e3o temas estrat\u00e9gicos como adapta\u00e7\u00e3o \u00e0s mudan\u00e7as clim\u00e1ticas, gest\u00e3o h\u00eddrica, educa\u00e7\u00e3o clim\u00e1tica, financiamento verde, tecnologias de monitoramento ambiental, coopera\u00e7\u00e3o internacional e pol\u00edticas p\u00fablicas para regi\u00f5es vulner\u00e1veis. A programa\u00e7\u00e3o completa e as inscri\u00e7\u00f5es gratuitas est\u00e3o dispon\u00edveis em:\u00a0<a href=\"http:\/\/www.icid2025.com.br\/\">www.icid2025.com.br<\/a>.<\/p>\n<p style=\"text-align: justify;\">Entre os destaques, o painel \u201cTend\u00eancias Clim\u00e1ticas em Regi\u00f5es Semi\u00e1ridas do Interior\u201d trar\u00e1 proje\u00e7\u00f5es atualizadas sobre extremos clim\u00e1ticos, com os climatologistas Carlos Nobre (Inpe) e Alexandre Ara\u00fajo Costa (Uece). A sess\u00e3o \u201cFerramentas Avan\u00e7adas para Compartilhamento de Dados e Monitoramento de Mudan\u00e7as Clim\u00e1ticas no Interior\u201d discutir\u00e1 o uso de intelig\u00eancia artificial, sensoriamento remoto e sistemas colaborativos de dados para rastreamento de impactos ambientais em tempo real.<\/p>\n<p style=\"text-align: justify;\">Outro momento relevante ser\u00e1 a sess\u00e3o \u201cEstudos de Caso: Desafios Clim\u00e1ticos em Regi\u00f5es Interiores do Mundo\u201d, que reunir\u00e1 experi\u00eancias de zonas rurais em pa\u00edses como M\u00e9xico, Argentina, Tun\u00edsia, N\u00edger, Marrocos, Maurit\u00e2nia e Estados Unidos. Os debates v\u00e3o tratar dos impactos socioecon\u00f4micos das mudan\u00e7as clim\u00e1ticas, da integra\u00e7\u00e3o de saberes locais na formula\u00e7\u00e3o de pol\u00edticas e dos desafios de governan\u00e7a em territ\u00f3rios vulner\u00e1veis.<\/p>\n<p style=\"text-align: justify;\">A cerim\u00f4nia de abertura contar\u00e1 com a presen\u00e7a de autoridades brasileiras, como o governador do Cear\u00e1 Elmano de Freitas, e representantes de organismos internacionais, como a Conven\u00e7\u00e3o das Na\u00e7\u00f5es Unidas para o Combate \u00e0 Desertifica\u00e7\u00e3o (UNCCD). Tamb\u00e9m participam representantes do Centro de Gest\u00e3o e Estudos Estrat\u00e9gicos (CGEE), do Institut de Recherche pour le D\u00e9veloppement (IRD) e do comit\u00ea organizador da ICID.<\/p>\n<p style=\"text-align: justify;\">A ICID2025 \u00e9 uma promo\u00e7\u00e3o do Governo do Cear\u00e1, em parceria com o Minist\u00e9rio da Ci\u00eancia, Tecnologia e Inova\u00e7\u00e3o (MCTI). A realiza\u00e7\u00e3o est\u00e1 a cargo da Secretaria da Ci\u00eancia, Tecnologia e Educa\u00e7\u00e3o Superior do Cear\u00e1 (Secitece), da Secretaria do Meio Ambiente e Mudan\u00e7a do Clima do Cear\u00e1 (Sema) e da Funda\u00e7\u00e3o Cearense de Meteorologia e Recursos H\u00eddricos (Funceme). A coordena\u00e7\u00e3o executiva \u00e9 do CGEE, e o evento conta com apoio da UNCCD, Cemaden, ANA, EMBRAPA e da Embaixada da Fran\u00e7a no Brasil.<\/p>\n<p style=\"text-align: justify;\">Al\u00e9m das sess\u00f5es t\u00e9cnicas, a confer\u00eancia promove trocas institucionais entre entidades como Cons\u00f3rcio Nordeste, Funceme, CIRAD, ANA e universidades p\u00fablicas. O evento ser\u00e1 encerrado com a constru\u00e7\u00e3o da Carta de Fortaleza e a elabora\u00e7\u00e3o do documento final da ICID2025, que ser\u00e1 levado \u00e0 COP30, marcada para novembro, em Bel\u00e9m (PA).<\/p>\n<p style=\"text-align: justify;\">(Assessoria CGEE\/ICID2025)<\/p>\n<div class=\"news-lead pb-3\" style=\"text-align: justify;\"><\/div>\n","protected":false},"excerpt":{"rendered":"<p>ICID2025 re\u00fane especialistas e autoridades em Fortaleza para debater clima e desenvolvimento sustent\u00e1vel em regi\u00f5es semi\u00e1ridas<\/p>\n","protected":false},"author":4,"featured_media":14332,"comment_status":"closed","ping_status":"open","sticky":false,"template":"","format":"standard","meta":[],"categories":[75,15],"tags":[598,605,184],"acf":[],"_links":{"self":[{"href":"http:\/\/www.funceme.br\/index.php?rest_route=\/wp\/v2\/posts\/14331"}],"collection":[{"href":"http:\/\/www.funceme.br\/index.php?rest_route=\/wp\/v2\/posts"}],"about":[{"href":"http:\/\/www.funceme.br\/index.php?rest_route=\/wp\/v2\/types\/post"}],"author":[{"embeddable":true,"href":"http:\/\/www.funceme.br\/index.php?rest_route=\/wp\/v2\/users\/4"}],"replies":[{"embeddable":true,"href":"http:\/\/www.funceme.br\/index.php?rest_route=%2Fwp%2Fv2%2Fcomments&post=14331"}],"version-history":[{"count":1,"href":"http:\/\/www.funceme.br\/index.php?rest_route=\/wp\/v2\/posts\/14331\/revisions"}],"predecessor-version":[{"id":14333,"href":"http:\/\/www.funceme.br\/index.php?rest_route=\/wp\/v2\/posts\/14331\/revisions\/14333"}],"wp:featuredmedia":[{"embeddable":true,"href":"http:\/\/www.funceme.br\/index.php?rest_route=\/wp\/v2\/media\/14332"}],"wp:attachment":[{"href":"http:\/\/www.funceme.br\/index.php?rest_route=%2Fwp%2Fv2%2Fmedia&parent=14331"}],"wp:term":[{"taxonomy":"category","embeddable":true,"href":"http:\/\/www.funceme.br\/index.php?rest_route=%2Fwp%2Fv2%2Fcategories&post=14331"},{"taxonomy":"post_tag","embeddable":true,"href":"http:\/\/www.funceme.br\/index.php?rest_route=%2Fwp%2Fv2%2Ftags&post=14331"}],"curies":[{"name":"wp","href":"https:\/\/api.w.org\/{rel}","templated":true}]}}