{"id":14340,"date":"2025-09-04T10:50:20","date_gmt":"2025-09-04T13:50:20","guid":{"rendered":"http:\/\/www.funceme.br\/?p=14340"},"modified":"2025-09-04T13:57:38","modified_gmt":"2025-09-04T16:57:38","slug":"funceme-realiza-em-setembro-o-workshop-sobre-modelagem-e-monitoramento-espacial-da-qualidade-da-agua","status":"publish","type":"post","link":"http:\/\/www.funceme.br\/?p=14340","title":{"rendered":"Funceme realiza em setembro o workshop sobre Modelagem e Monitoramento Espacial da Qualidade da \u00c1gua"},"content":{"rendered":"<p><span style=\"font-weight: 400;\"><img decoding=\"async\" loading=\"lazy\" class=\"size-full wp-image-14341 aligncenter\" src=\"http:\/\/www.funceme.br\/wp-content\/uploads\/2025\/09\/WhatsApp-Image-2025-08-28-at-10.22.51-e1756918828911.jpeg\" alt=\"\" width=\"600\" height=\"750\" \/><br \/>\n<\/span><\/p>\n<p><span style=\"font-weight: 400;\"> Nos dias 17 e 18 de setembro, a Funda\u00e7\u00e3o Cearense de Meteorologia e Recursos H\u00eddricos (Funceme), realiza o Workshop: Modelagem e Monitoramento Espacial da Qualidade da \u00c1gua, um projeto financiado pelo Banco Mundial. O evento vai ocorrer no Audit\u00f3rio Espa\u00e7o da \u00c1guas, na Companhia de Gest\u00e3o de Recursos H\u00eddricos (Cogerh), institui\u00e7\u00e3o parceira.<\/span><\/p>\n<p><span style=\"font-weight: 400;\">O workshop tamb\u00e9m conta com apoio do Consulado Franc\u00eas e do IRD (<\/span>Institut de Recherche pour le D\u00e9veloppement)<span style=\"font-weight: 400;\">, trazendo especialistas estrangeiros para contribuir com a tem\u00e1tica. Inicialmente previsto para outubro, foi adiantado para coincidir com o 3\u00ba ICID, evento internacional que esse ano acontecer\u00e1 no Cear\u00e1, por sua rela\u00e7\u00e3o com a qualidade da \u00e1gua.<\/span><\/p>\n<p><span style=\"font-weight: 400;\">O evento deve integrar diferentes projetos da Funceme, aproximar a comunidade cient\u00edfica e n\u00e3o cient\u00edfica, al\u00e9m de promover trocas de experi\u00eancias com estudantes, gestores e pesquisadores nacionais e internacionais.\u00a0<\/span><\/p>\n<p><span style=\"font-weight: 400;\">Ser\u00e3o apresentados resultados parciais do projeto de monitoramento da qualidade da \u00e1gua nos a\u00e7udes do Cear\u00e1 para fomentar debates e trabalhos em hidrologia espacial junto a institui\u00e7\u00f5es parceiras; discutir\u00e1 os avan\u00e7os e coopera\u00e7\u00f5es no uso de dados de sat\u00e9lite e de qualidade da \u00e1gua para monitorar rios, lagos e reservat\u00f3rios.<\/span><\/p>\n<div id=\"attachment_14342\" style=\"width: 600px\" class=\"wp-caption aligncenter\"><img aria-describedby=\"caption-attachment-14342\" decoding=\"async\" loading=\"lazy\" class=\"wp-image-14342\" style=\"letter-spacing: 0.02px;\" src=\"http:\/\/www.funceme.br\/wp-content\/uploads\/2025\/09\/IMG_2524-scaled-e1756919030698-1200x936.jpg\" alt=\"\" width=\"590\" height=\"460\" srcset=\"http:\/\/www.funceme.br\/wp-content\/uploads\/2025\/09\/IMG_2524-scaled-e1756919030698-1200x936.jpg 1200w, http:\/\/www.funceme.br\/wp-content\/uploads\/2025\/09\/IMG_2524-scaled-e1756919030698-600x468.jpg 600w, http:\/\/www.funceme.br\/wp-content\/uploads\/2025\/09\/IMG_2524-scaled-e1756919030698-768x599.jpg 768w, http:\/\/www.funceme.br\/wp-content\/uploads\/2025\/09\/IMG_2524-scaled-e1756919030698-1536x1198.jpg 1536w, http:\/\/www.funceme.br\/wp-content\/uploads\/2025\/09\/IMG_2524-scaled-e1756919030698-2048x1597.jpg 2048w\" sizes=\"(max-width: 590px) 100vw, 590px\" \/><p id=\"caption-attachment-14342\" class=\"wp-caption-text\"><em>Cl\u00e9cia Guimar\u00e3o, pesquisadora respons\u00e1vel pelo Workshop. (Foto: Assessoria de Comunica\u00e7\u00e3o Funceme)<\/em><\/p><\/div>\n<p><span style=\"font-weight: 400;\">De acordo com Cl\u00e9cia Guimar\u00e3es, pesquisadora da Funceme, e uma das respons\u00e1veis pelo evento, \u201cEsse workshop foi pensado a partir do momento que finalizou o projeto que tem financiamento do Banco Mundial, o Projeto de Qualidade de \u00c1gua por Sensoriamento Remoto. [&#8230;] A gente conseguiu um edital do consulado franc\u00eas para trazer pesquisadoras francesas que trabalham com a mesma tem\u00e1tica. E agora, a expectativa \u00e9 uma troca de experi\u00eancia muito grande [\u2026] alcan\u00e7ar profissionais e estudantes para que se interessem mais pela tem\u00e1tica e procurem novos projetos.<\/span><\/p>\n<p><strong>SERVI\u00c7O:<\/strong><\/p>\n<p>Dias 17 e 18 de setembro<br \/>\nAudit\u00f3rio Espa\u00e7o das Aguas &#8211; Cogerh<br \/>\nR. Adualdo Batista, 1550 &#8211; Cambeba<\/p>\n<h3><strong><a href=\"https:\/\/forms.funceme.br\/?r=workshopqualidadedaagua\">Clique aqui para se inscrever!<\/a><\/strong><\/h3>\n","protected":false},"excerpt":{"rendered":"<p>Nos dias 17 e 18 de setembro, a Funda\u00e7\u00e3o Cearense de Meteorologia e Recursos H\u00eddricos (Funceme), realiza o Workshop: Modelagem e Monitoramento Espacial da Qualidade da \u00c1gua, um projeto financiado pelo Banco Mundial. O evento vai ocorrer no Audit\u00f3rio Espa\u00e7o da \u00c1guas, na Companhia de Gest\u00e3o de Recursos H\u00eddricos (Cogerh), institui\u00e7\u00e3o parceira. O workshop tamb\u00e9m [&hellip;]<\/p>\n","protected":false},"author":7,"featured_media":0,"comment_status":"closed","ping_status":"open","sticky":false,"template":"","format":"standard","meta":[],"categories":[15,490],"tags":[635,74,486,489,633,634],"acf":[],"_links":{"self":[{"href":"http:\/\/www.funceme.br\/index.php?rest_route=\/wp\/v2\/posts\/14340"}],"collection":[{"href":"http:\/\/www.funceme.br\/index.php?rest_route=\/wp\/v2\/posts"}],"about":[{"href":"http:\/\/www.funceme.br\/index.php?rest_route=\/wp\/v2\/types\/post"}],"author":[{"embeddable":true,"href":"http:\/\/www.funceme.br\/index.php?rest_route=\/wp\/v2\/users\/7"}],"replies":[{"embeddable":true,"href":"http:\/\/www.funceme.br\/index.php?rest_route=%2Fwp%2Fv2%2Fcomments&post=14340"}],"version-history":[{"count":7,"href":"http:\/\/www.funceme.br\/index.php?rest_route=\/wp\/v2\/posts\/14340\/revisions"}],"predecessor-version":[{"id":14350,"href":"http:\/\/www.funceme.br\/index.php?rest_route=\/wp\/v2\/posts\/14340\/revisions\/14350"}],"wp:attachment":[{"href":"http:\/\/www.funceme.br\/index.php?rest_route=%2Fwp%2Fv2%2Fmedia&parent=14340"}],"wp:term":[{"taxonomy":"category","embeddable":true,"href":"http:\/\/www.funceme.br\/index.php?rest_route=%2Fwp%2Fv2%2Fcategories&post=14340"},{"taxonomy":"post_tag","embeddable":true,"href":"http:\/\/www.funceme.br\/index.php?rest_route=%2Fwp%2Fv2%2Ftags&post=14340"}],"curies":[{"name":"wp","href":"https:\/\/api.w.org\/{rel}","templated":true}]}}