{"id":14355,"date":"2025-09-09T09:00:10","date_gmt":"2025-09-09T12:00:10","guid":{"rendered":"http:\/\/www.funceme.br\/?p=14355"},"modified":"2025-09-11T09:02:41","modified_gmt":"2025-09-11T12:02:41","slug":"cursos-preparatorios-da-icid-iii-reunem-cerca-de-500-participantes-em-fortaleza-e-no-interior-do-ceara","status":"publish","type":"post","link":"http:\/\/www.funceme.br\/?p=14355","title":{"rendered":"Cursos preparat\u00f3rios da ICID III re\u00fanem cerca de 500 participantes em Fortaleza e no interior do Cear\u00e1"},"content":{"rendered":"<p>Entre os dias 11 e 13 de setembro de 2025, a sede da Unichristus, em Fortaleza, assim como em uma base de estudos em Quixad\u00e1 e Quixeramobim, ser\u00e3o palco de uma intensa programa\u00e7\u00e3o de cursos preparat\u00f3rios da III Confer\u00eancia Internacional em Clima e Desenvolvimento em Regi\u00f5es \u00c1ridas, Semi\u00e1ridas e Sub\u00famidas Secas \u2013 ICID III.<\/p>\n<p>As atividades devem reunir aproximadamente 500 alunos e professores de diferentes estados brasileiros e de outros pa\u00edses, em um espa\u00e7o de troca de conhecimentos sobre os principais desafios e solu\u00e7\u00f5es para as regi\u00f5es secas do mundo.<\/p>\n<p>Organizados pelo Governo do Cear\u00e1, com apoio de institui\u00e7\u00f5es da Fran\u00e7a, os cursos contar\u00e3o com professores renomados do Cear\u00e1, de outras regi\u00f5es do Brasil e do exterior, que ir\u00e3o compartilhar experi\u00eancias e pesquisas de refer\u00eancia em suas \u00e1reas de atua\u00e7\u00e3o.<\/p>\n<p>A programa\u00e7\u00e3o est\u00e1 organizada em cinco grandes eixos tem\u00e1ticos:<\/p>\n<p>-Clima, Solos e Meio Ambiente<br \/>\n-Recursos H\u00eddricos<br \/>\n-Agricultura e Sustentabilidade<br \/>\n-Saberes Tradicionais e Ci\u00eancia<br \/>\n-Divulga\u00e7\u00e3o e Comunica\u00e7\u00e3o Cient\u00edfica<\/p>\n<p>Com car\u00e1ter multidisciplinar, os cursos t\u00eam como objetivo aproximar diferentes \u00e1reas do conhecimento, incentivar o di\u00e1logo entre ci\u00eancia e sociedade e preparar os participantes para os debates da ICID III, que ocorrer\u00e1 entre os dias 15 e 19 de setembro, tamb\u00e9m em Fortaleza.<\/p>\n<p>De acordo com a organiza\u00e7\u00e3o, todos os inscritos receber\u00e3o certificado, agregando valor \u00e0 forma\u00e7\u00e3o acad\u00eamica e profissional.<\/p>\n<p>Mais informa\u00e7\u00f5es sobre a programa\u00e7\u00e3o da Confer\u00eancia podem ser acessadas em: <a href=\"https:\/\/capacitacao-icid.funceme.br\">https:\/\/capacitacao-icid.funceme.br<\/a><\/p>\n","protected":false},"excerpt":{"rendered":"<p>Entre os dias 11 e 13 de setembro de 2025, a sede da Unichristus, em Fortaleza, assim como em uma base de estudos em Quixad\u00e1 e Quixeramobim, ser\u00e3o palco de uma intensa programa\u00e7\u00e3o de cursos preparat\u00f3rios da III Confer\u00eancia Internacional em Clima e Desenvolvimento em Regi\u00f5es \u00c1ridas, Semi\u00e1ridas e Sub\u00famidas Secas \u2013 ICID III.<\/p>\n","protected":false},"author":4,"featured_media":0,"comment_status":"closed","ping_status":"open","sticky":false,"template":"","format":"standard","meta":[],"categories":[75,15],"tags":[598],"acf":[],"_links":{"self":[{"href":"http:\/\/www.funceme.br\/index.php?rest_route=\/wp\/v2\/posts\/14355"}],"collection":[{"href":"http:\/\/www.funceme.br\/index.php?rest_route=\/wp\/v2\/posts"}],"about":[{"href":"http:\/\/www.funceme.br\/index.php?rest_route=\/wp\/v2\/types\/post"}],"author":[{"embeddable":true,"href":"http:\/\/www.funceme.br\/index.php?rest_route=\/wp\/v2\/users\/4"}],"replies":[{"embeddable":true,"href":"http:\/\/www.funceme.br\/index.php?rest_route=%2Fwp%2Fv2%2Fcomments&post=14355"}],"version-history":[{"count":1,"href":"http:\/\/www.funceme.br\/index.php?rest_route=\/wp\/v2\/posts\/14355\/revisions"}],"predecessor-version":[{"id":14356,"href":"http:\/\/www.funceme.br\/index.php?rest_route=\/wp\/v2\/posts\/14355\/revisions\/14356"}],"wp:attachment":[{"href":"http:\/\/www.funceme.br\/index.php?rest_route=%2Fwp%2Fv2%2Fmedia&parent=14355"}],"wp:term":[{"taxonomy":"category","embeddable":true,"href":"http:\/\/www.funceme.br\/index.php?rest_route=%2Fwp%2Fv2%2Fcategories&post=14355"},{"taxonomy":"post_tag","embeddable":true,"href":"http:\/\/www.funceme.br\/index.php?rest_route=%2Fwp%2Fv2%2Ftags&post=14355"}],"curies":[{"name":"wp","href":"https:\/\/api.w.org\/{rel}","templated":true}]}}