{"id":14358,"date":"2025-09-12T12:04:46","date_gmt":"2025-09-12T15:04:46","guid":{"rendered":"http:\/\/www.funceme.br\/?p=14358"},"modified":"2025-09-12T12:04:46","modified_gmt":"2025-09-12T15:04:46","slug":"funceme-realiza-primeira-capacitacao-para-a-3a-icid-em-quixada","status":"publish","type":"post","link":"http:\/\/www.funceme.br\/?p=14358","title":{"rendered":"Funceme realiza primeira capacita\u00e7\u00e3o para a 3\u00aa ICID em Quixad\u00e1"},"content":{"rendered":"<div id=\"attachment_14360\" style=\"width: 702px\" class=\"wp-caption aligncenter\"><img aria-describedby=\"caption-attachment-14360\" decoding=\"async\" loading=\"lazy\" class=\"wp-image-14360 size-large\" src=\"http:\/\/www.funceme.br\/wp-content\/uploads\/2025\/09\/IMG_2734-1200x798.jpg\" alt=\"\" width=\"692\" height=\"460\" \/><p id=\"caption-attachment-14360\" class=\"wp-caption-text\"><em>Escola multi-atores: Territ\u00f3rios e sistemas alimentares sustent\u00e1veis no semi\u00e1rido: novas perspectivas atrav\u00e9s da Resili\u00eancia H\u00eddrica, Transi\u00e7\u00e3o agroecol\u00f3gica e Sistemas alimentares realizada em Quixad\u00e1, de 9 a 12 de setembro. (Foto: Assessoria de comunica\u00e7\u00e3o)<\/em><\/p><\/div>\n<p><span style=\"font-weight: 400;\">A Funda\u00e7\u00e3o Cearense de Meteorologia e Recursos H\u00eddricos (Funceme) iniciou nesta semana, de 9 a 12 de setembro, a primeira capacita\u00e7\u00e3o do ciclo formativo rumo \u00e0 3\u00aa Confer\u00eancia Internacional em Clima e Desenvolvimento em Regi\u00f5es \u00c1ridas, Semi\u00e1ridas e Sub\u00famidas Secas (ICID III). O evento, intitulado <\/span><i><span style=\"font-weight: 400;\">Escola multi-atores: Territ\u00f3rios e sistemas alimentares sustent\u00e1veis no semi\u00e1rido<\/span><\/i><span style=\"font-weight: 400;\">, acontece em Quixad\u00e1 (Cear\u00e1), reunindo pesquisadores, t\u00e9cnicos e representantes de institui\u00e7\u00f5es do Brasil, \u00c1frica e Europa.<\/span><\/p>\n<p><span style=\"font-weight: 400;\">Organizado pela Funceme, Cirad e Universidade Federal do Cear\u00e1 (UFC), o curso tem como foco o fortalecimento das capacidades t\u00e9cnicas e anal\u00edticas de profissionais nas \u00e1reas de resili\u00eancia h\u00eddrica, transi\u00e7\u00e3o agroecol\u00f3gica e sustentabilidade dos sistemas alimentares em regi\u00f5es semi\u00e1ridas. A forma\u00e7\u00e3o conta com a participa\u00e7\u00e3o de oito institui\u00e7\u00f5es de ensino e pesquisa de seis pa\u00edses, al\u00e9m de representantes de governos, ONGs e organiza\u00e7\u00f5es comunit\u00e1rias.<\/span><\/p>\n<p><span style=\"font-weight: 400;\">A programa\u00e7\u00e3o inclui aulas te\u00f3ricas, estudos de caso, visitas de campo e oficinas pr\u00e1ticas. Ao final, os participantes ir\u00e3o elaborar uma nota de posicionamento com recomenda\u00e7\u00f5es estrat\u00e9gicas, que ser\u00e1 apresentada na COP30.<\/span><\/p>\n","protected":false},"excerpt":{"rendered":"<p>A Funda\u00e7\u00e3o Cearense de Meteorologia e Recursos H\u00eddricos (Funceme) iniciou nesta semana, de 9 a 12 de setembro, a primeira capacita\u00e7\u00e3o do ciclo formativo rumo \u00e0 3\u00aa Confer\u00eancia Internacional em Clima e Desenvolvimento em Regi\u00f5es \u00c1ridas, Semi\u00e1ridas e Sub\u00famidas Secas (ICID III). O evento, intitulado Escola multi-atores: Territ\u00f3rios e sistemas alimentares sustent\u00e1veis no semi\u00e1rido, acontece [&hellip;]<\/p>\n","protected":false},"author":7,"featured_media":0,"comment_status":"closed","ping_status":"open","sticky":false,"template":"","format":"standard","meta":[],"categories":[59,75],"tags":[560,74,636,300],"acf":[],"_links":{"self":[{"href":"http:\/\/www.funceme.br\/index.php?rest_route=\/wp\/v2\/posts\/14358"}],"collection":[{"href":"http:\/\/www.funceme.br\/index.php?rest_route=\/wp\/v2\/posts"}],"about":[{"href":"http:\/\/www.funceme.br\/index.php?rest_route=\/wp\/v2\/types\/post"}],"author":[{"embeddable":true,"href":"http:\/\/www.funceme.br\/index.php?rest_route=\/wp\/v2\/users\/7"}],"replies":[{"embeddable":true,"href":"http:\/\/www.funceme.br\/index.php?rest_route=%2Fwp%2Fv2%2Fcomments&post=14358"}],"version-history":[{"count":1,"href":"http:\/\/www.funceme.br\/index.php?rest_route=\/wp\/v2\/posts\/14358\/revisions"}],"predecessor-version":[{"id":14361,"href":"http:\/\/www.funceme.br\/index.php?rest_route=\/wp\/v2\/posts\/14358\/revisions\/14361"}],"wp:attachment":[{"href":"http:\/\/www.funceme.br\/index.php?rest_route=%2Fwp%2Fv2%2Fmedia&parent=14358"}],"wp:term":[{"taxonomy":"category","embeddable":true,"href":"http:\/\/www.funceme.br\/index.php?rest_route=%2Fwp%2Fv2%2Fcategories&post=14358"},{"taxonomy":"post_tag","embeddable":true,"href":"http:\/\/www.funceme.br\/index.php?rest_route=%2Fwp%2Fv2%2Ftags&post=14358"}],"curies":[{"name":"wp","href":"https:\/\/api.w.org\/{rel}","templated":true}]}}