{"id":14367,"date":"2025-09-15T19:08:06","date_gmt":"2025-09-15T22:08:06","guid":{"rendered":"http:\/\/www.funceme.br\/?p=14367"},"modified":"2025-09-15T19:08:06","modified_gmt":"2025-09-15T22:08:06","slug":"comeca-na-segunda-feira-em-fortaleza-a-3a-conferencia-internacional-sobre-clima-e-desenvolvimento-em-regioes-semiaridas-icid-2025","status":"publish","type":"post","link":"http:\/\/www.funceme.br\/?p=14367","title":{"rendered":"Come\u00e7a na segunda-feira, em Fortaleza, a 3\u00aa Confer\u00eancia Internacional sobre Clima e Desenvolvimento em Regi\u00f5es Semi\u00e1ridas (ICID 2025)"},"content":{"rendered":"<div id=\"attachment_14368\" style=\"width: 760px\" class=\"wp-caption alignnone\"><img aria-describedby=\"caption-attachment-14368\" decoding=\"async\" loading=\"lazy\" class=\"wp-image-14368\" src=\"http:\/\/www.funceme.br\/wp-content\/uploads\/2025\/09\/WhatsApp-Image-2025-09-15-at-13.06.14.jpeg\" alt=\"A programa\u00e7\u00e3o contar\u00e1 com mesas simult\u00e2neas, reuni\u00f5es t\u00e9cnicas e atividades culturais, al\u00e9m de momentos estrat\u00e9gicos (FOTO: Marcos Rodrigo)\" width=\"750\" height=\"422\" srcset=\"http:\/\/www.funceme.br\/wp-content\/uploads\/2025\/09\/WhatsApp-Image-2025-09-15-at-13.06.14.jpeg 1280w, http:\/\/www.funceme.br\/wp-content\/uploads\/2025\/09\/WhatsApp-Image-2025-09-15-at-13.06.14-600x338.jpeg 600w, http:\/\/www.funceme.br\/wp-content\/uploads\/2025\/09\/WhatsApp-Image-2025-09-15-at-13.06.14-1200x675.jpeg 1200w, http:\/\/www.funceme.br\/wp-content\/uploads\/2025\/09\/WhatsApp-Image-2025-09-15-at-13.06.14-768x432.jpeg 768w\" sizes=\"(max-width: 750px) 100vw, 750px\" \/><p id=\"caption-attachment-14368\" class=\"wp-caption-text\"><em>A programa\u00e7\u00e3o contar\u00e1 com mesas simult\u00e2neas, reuni\u00f5es t\u00e9cnicas e atividades culturais, al\u00e9m de momentos estrat\u00e9gicos (FOTO: Marcos Rodrigo)<\/em><\/p><\/div>\n<p>Nesta segunda-feira (15), Fortaleza torna-se o centro das discuss\u00f5es globais sobre clima e sustentabilidade, com o in\u00edcio da 3\u00aa Confer\u00eancia Internacional sobre Clima e Desenvolvimento em Regi\u00f5es Semi\u00e1ridas (ICID 2025). O evento, que segue at\u00e9 o dia 19 de setembro no Centro de Eventos do Cear\u00e1, reunir\u00e1 especialistas, pesquisadores e autoridades nacionais e internacionais para debater solu\u00e7\u00f5es de adapta\u00e7\u00e3o \u00e0s mudan\u00e7as clim\u00e1ticas em regi\u00f5es \u00e1ridas e semi\u00e1ridas do mundo.<\/p>\n<p>Ao todo, ser\u00e3o mais de 40 sess\u00f5es tem\u00e1ticas abordando temas como adapta\u00e7\u00e3o \u00e0s mudan\u00e7as clim\u00e1ticas, gest\u00e3o h\u00eddrica, financiamento verde, educa\u00e7\u00e3o clim\u00e1tica, tecnologias de monitoramento ambiental, coopera\u00e7\u00e3o internacional e formula\u00e7\u00e3o de pol\u00edticas p\u00fablicas para territ\u00f3rios vulner\u00e1veis. Compondo a programa\u00e7\u00e3o, est\u00e3o o painel \u201cTend\u00eancias Clim\u00e1ticas em Regi\u00f5es Semi\u00e1ridas do Interior\u201d, ministrado pelo climatologista Alexandre Ara\u00fajo Costa (UECE); a sess\u00e3o internacional \u201cEstudo de caso: Desafios Clim\u00e1ticos em Regi\u00f5es Interiores do Mundo\u201d, com experi\u00eancias de pa\u00edses como M\u00e9xico, Argentina, Tun\u00edsia, N\u00edger, Marrocos, Maurit\u00e2nia e Estados Unidos; e a presen\u00e7a de Tao Wang, especialista s\u00eanior em Meio Ambiente do Banco Mundial, que conduzir\u00e1 uma capacita\u00e7\u00e3o exclusiva voltada \u00e0 capta\u00e7\u00e3o de recursos junto a institui\u00e7\u00f5es financeiras internacionais, com foco em projetos de sustentabilidade em regi\u00f5es semi\u00e1ridas.<\/p>\n<h4><strong>COP Nordeste e encontro de governadores<\/strong><\/h4>\n<p>Inserida na agenda da ICID 2025, a COP Nordeste refor\u00e7a o papel da regi\u00e3o como protagonista da transi\u00e7\u00e3o ecol\u00f3gica, da transforma\u00e7\u00e3o industrial verde e da justi\u00e7a clim\u00e1tica no Brasil e no mundo. O encontro reunir\u00e1 governadores nordestinos, o presidente da COP30, embaixador Andr\u00e9 Corr\u00eaa do Lago, al\u00e9m de representantes da sociedade civil, setor privado, universidades e parceiros internacionais.<\/p>\n<p>A programa\u00e7\u00e3o contar\u00e1 com mesas simult\u00e2neas, reuni\u00f5es t\u00e9cnicas e atividades culturais, al\u00e9m de momentos estrat\u00e9gicos, como a Mesa Institucional de Governadores e Governadoras do Nordeste (dia 17), ocasi\u00e3o em que ser\u00e1 assinado o Acordo de Coopera\u00e7\u00e3o T\u00e9cnica (CNE\u2013UNCCD) e apresentado o Plano Brasil Nordeste de Transforma\u00e7\u00e3o Ecol\u00f3gica. J\u00e1 na plen\u00e1ria final (19), ser\u00e1 divulgado o Documento-Mosaico, reunindo as contribui\u00e7\u00f5es do Nordeste para a COP30, que acontecer\u00e1 em Bel\u00e9m, em novembro.<\/p>\n<p>Outro destaque da COP Nordeste ser\u00e1 o debate sobre financiamento clim\u00e1tico e adapta\u00e7\u00e3o em territ\u00f3rios vulner\u00e1veis, al\u00e9m da valoriza\u00e7\u00e3o da bioeconomia e dos ativos naturais da regi\u00e3o. A confer\u00eancia tamb\u00e9m dar\u00e1 visibilidade ao bioma Caatinga e ao potencial nordestino para energias renov\u00e1veis \u2014 com \u00eanfase na energia e\u00f3lica, solar fotovoltaica e no hidrog\u00eanio verde.<\/p>\n<h4>Contribui\u00e7\u00f5es estrat\u00e9gicas<\/h4>\n<p>A ICID 2025 recebeu 155 submiss\u00f5es de pesquisas em \u00e1reas como clima, impactos, adapta\u00e7\u00e3o e desenvolvimento sustent\u00e1vel em regi\u00f5es secas. Destas, 35 foram selecionadas para apresenta\u00e7\u00e3o durante o evento, enquanto as demais far\u00e3o parte dos anais da confer\u00eancia.<\/p>\n<p>A secret\u00e1ria da Ci\u00eancia, Tecnologia e Educa\u00e7\u00e3o Superior do Cear\u00e1, Sandra Monteiro, destaca a ades\u00e3o j\u00e1 registrada e a relev\u00e2ncia de sediar o encontro: \u201cj\u00e1 recebemos mais de 1.200 inscri\u00e7\u00f5es para a ICID 2025, mas seguimos com inscri\u00e7\u00f5es abertas, lembrando que o evento \u00e9 totalmente gratuito. \u00c9 muito significativo que o Cear\u00e1 sedie essa confer\u00eancia, pois o estado tem se consolidado como refer\u00eancia em inova\u00e7\u00e3o, ci\u00eancia e pol\u00edticas p\u00fablicas voltadas para o enfrentamento da crise clim\u00e1tica. Receber especialistas e autoridades do Brasil e do mundo \u00e9 uma oportunidade para refor\u00e7ar nosso papel como protagonista da agenda clim\u00e1tica global\u201d.<\/p>\n<h4>Organiza\u00e7\u00e3o<\/h4>\n<p>A ICID 2025 \u00e9 uma promo\u00e7\u00e3o do Governo do Cear\u00e1, em parceria com o Minist\u00e9rio da Ci\u00eancia, Tecnologia e Inova\u00e7\u00e3o (MCTI). A realiza\u00e7\u00e3o est\u00e1 a cargo da Secretaria da Ci\u00eancia, Tecnologia e Educa\u00e7\u00e3o Superior do Cear\u00e1 (Secitece), da Secretaria do Meio Ambiente e Mudan\u00e7a do Clima do Cear\u00e1 (Sema) e da Funda\u00e7\u00e3o Cearense de Meteorologia e Recursos H\u00eddricos (Funceme). A coordena\u00e7\u00e3o executiva \u00e9 do CGEE, e o evento conta com apoio de institui\u00e7\u00f5es como UNCCD, ANA, Embrapa, Embaixada da Fran\u00e7a no Brasil e Cemaden; al\u00e9m de patroc\u00ednio da FIEC e do Sebrae.<\/p>\n","protected":false},"excerpt":{"rendered":"<p>Evento reunir\u00e1 especialistas de diversos pa\u00edses; programa\u00e7\u00e3o incluir\u00e1 a realiza\u00e7\u00e3o da COP Nordeste, que projetar\u00e1 a regi\u00e3o como protagonista da transi\u00e7\u00e3o ecol\u00f3gica e industrial verde do pa\u00eds<\/p>\n","protected":false},"author":4,"featured_media":14368,"comment_status":"closed","ping_status":"open","sticky":false,"template":"","format":"standard","meta":[],"categories":[75,15],"tags":[80,49,637,90],"acf":[],"_links":{"self":[{"href":"http:\/\/www.funceme.br\/index.php?rest_route=\/wp\/v2\/posts\/14367"}],"collection":[{"href":"http:\/\/www.funceme.br\/index.php?rest_route=\/wp\/v2\/posts"}],"about":[{"href":"http:\/\/www.funceme.br\/index.php?rest_route=\/wp\/v2\/types\/post"}],"author":[{"embeddable":true,"href":"http:\/\/www.funceme.br\/index.php?rest_route=\/wp\/v2\/users\/4"}],"replies":[{"embeddable":true,"href":"http:\/\/www.funceme.br\/index.php?rest_route=%2Fwp%2Fv2%2Fcomments&post=14367"}],"version-history":[{"count":1,"href":"http:\/\/www.funceme.br\/index.php?rest_route=\/wp\/v2\/posts\/14367\/revisions"}],"predecessor-version":[{"id":14369,"href":"http:\/\/www.funceme.br\/index.php?rest_route=\/wp\/v2\/posts\/14367\/revisions\/14369"}],"wp:featuredmedia":[{"embeddable":true,"href":"http:\/\/www.funceme.br\/index.php?rest_route=\/wp\/v2\/media\/14368"}],"wp:attachment":[{"href":"http:\/\/www.funceme.br\/index.php?rest_route=%2Fwp%2Fv2%2Fmedia&parent=14367"}],"wp:term":[{"taxonomy":"category","embeddable":true,"href":"http:\/\/www.funceme.br\/index.php?rest_route=%2Fwp%2Fv2%2Fcategories&post=14367"},{"taxonomy":"post_tag","embeddable":true,"href":"http:\/\/www.funceme.br\/index.php?rest_route=%2Fwp%2Fv2%2Ftags&post=14367"}],"curies":[{"name":"wp","href":"https:\/\/api.w.org\/{rel}","templated":true}]}}