{"id":14504,"date":"2025-10-21T10:48:47","date_gmt":"2025-10-21T13:48:47","guid":{"rendered":"http:\/\/www.funceme.br\/?p=14504"},"modified":"2025-10-21T10:48:47","modified_gmt":"2025-10-21T13:48:47","slug":"frente-fria-provoca-instabilidades-e-deve-colaborar-para-chuvas-no-sul-do-ceara-ate-quarta-22-pelo-menos","status":"publish","type":"post","link":"http:\/\/www.funceme.br\/?p=14504","title":{"rendered":"Frente fria provoca instabilidades e deve colaborar para chuvas no sul do Cear\u00e1 at\u00e9 quarta (22), pelo menos"},"content":{"rendered":"<div id=\"attachment_14505\" style=\"width: 760px\" class=\"wp-caption aligncenter\"><img aria-describedby=\"caption-attachment-14505\" decoding=\"async\" loading=\"lazy\" class=\"wp-image-14505\" src=\"http:\/\/www.funceme.br\/wp-content\/uploads\/2025\/10\/goes16_202510211320_true_color_ch13_dsa.png\" alt=\"A partir da quinta-feira (23), a tend\u00eancia \u00e9 de redu\u00e7\u00e3o das instabilidades. (FOTO: DSAT\/CPTEC)\" width=\"750\" height=\"340\" srcset=\"http:\/\/www.funceme.br\/wp-content\/uploads\/2025\/10\/goes16_202510211320_true_color_ch13_dsa.png 1361w, http:\/\/www.funceme.br\/wp-content\/uploads\/2025\/10\/goes16_202510211320_true_color_ch13_dsa-600x272.png 600w, http:\/\/www.funceme.br\/wp-content\/uploads\/2025\/10\/goes16_202510211320_true_color_ch13_dsa-1200x544.png 1200w, http:\/\/www.funceme.br\/wp-content\/uploads\/2025\/10\/goes16_202510211320_true_color_ch13_dsa-768x348.png 768w\" sizes=\"(max-width: 750px) 100vw, 750px\" \/><p id=\"caption-attachment-14505\" class=\"wp-caption-text\"><em>A partir da quinta-feira (23), a tend\u00eancia \u00e9 de redu\u00e7\u00e3o das instabilidades. (FOTO: DSAT\/CPTEC)<\/em><\/p><\/div>\n<p style=\"text-align: justify;\">A atua\u00e7\u00e3o de uma frente fria sobre a costa leste do Nordeste continua influenciando o tempo no Cear\u00e1, especialmente nas macrorregi\u00f5es do Cariri e do Sert\u00e3o Central e Inhamuns, que seguem registrando chuvas entre esta ter\u00e7a (21) e quarta-feira (22). De acordo com a Funda\u00e7\u00e3o Cearense de Meteorologia e Recursos H\u00eddricos (Funceme), o sistema frontal tem mantido o c\u00e9u bastante nublado no centro-sul do estado e favorecido precipita\u00e7\u00f5es em diferentes per\u00edodos do dia.<\/p>\n<p style=\"text-align: justify;\"><strong>Chuvas mais concentradas no sul<\/strong><\/p>\n<p style=\"text-align: justify;\">Nesta ter\u00e7a-feira (21), as chuvas se concentram nos turnos da manh\u00e3 e noite nas regi\u00f5es do Cariri e Sert\u00e3o Central e Inhamuns. \u00c0 tarde, o tempo tende a ficar mais est\u00e1vel, exceto no oeste do Sert\u00e3o Central e Inhamuns, onde ainda h\u00e1 alta possibilidade de chuva isolada. Durante a noite, h\u00e1 tamb\u00e9m chance de precipita\u00e7\u00f5es na por\u00e7\u00e3o sul da Jaguaribana, efeito residual da frente fria.<\/p>\n<p style=\"text-align: justify;\">Na quarta-feira (22), o sistema frontal continua atuando, mantendo chuvas na madrugada, manh\u00e3 e noite no Cariri e Sert\u00e3o Central e Inhamuns. Nas demais \u00e1reas, o tempo deve permanecer est\u00e1vel, com c\u00e9u variando de parcialmente nublado a sem nuvens.<\/p>\n<p style=\"text-align: justify;\"><strong>Retorno da estabilidade e calor nos pr\u00f3ximos dias<\/strong><\/p>\n<p style=\"text-align: justify;\">A partir da quinta-feira (23), a tend\u00eancia \u00e9 de redu\u00e7\u00e3o das instabilidades. As chuvas devem ocorrer apenas de forma isolada, influenciadas por fatores locais, como relevo e umidade,, principalmente nas primeiras horas do dia. Ao longo da quinta e sexta, o sol predomina e as temperaturas voltam a subir, com m\u00e1ximas entre 35\u00b0C e 39\u00b0C em regi\u00f5es do interior.<\/p>\n<p style=\"text-align: justify;\">Em Fortaleza e na Regi\u00e3o Metropolitana, o tempo segue sem previs\u00e3o de chuva significativa nos pr\u00f3ximos dias. O c\u00e9u deve variar entre poucas nuvens e parcialmente nublado, com temperaturas entre 24\u00b0C e 33\u00b0C.<\/p>\n<p style=\"text-align: justify;\"><strong>Umidade baixa e ventos moderados<\/strong><\/p>\n<p style=\"text-align: justify;\">Durante as tardes, a umidade relativa do ar deve atingir n\u00edveis baixos, entre 20% e 30%, nas macrorregi\u00f5es do Sert\u00e3o Central e Inhamuns, Jaguaribana e Cariri. J\u00e1 nas \u00e1reas serranas e litor\u00e2neas, os valores ficam mais elevados, variando entre 30% e 40% e acima de 40%, respectivamente.<\/p>\n<p style=\"text-align: justify;\">Os ventos permanecem moderados, com rajadas de at\u00e9 60 km\/h nas serras da Ibiapaba e do Maci\u00e7o de Baturit\u00e9, al\u00e9m da faixa litor\u00e2nea. A dire\u00e7\u00e3o varia ao longo do dia, predominando de Sudeste pela manh\u00e3 e Nordeste \u00e0 noite, em raz\u00e3o da brisa mar\u00edtima.<\/p>\n","protected":false},"excerpt":{"rendered":"<p>A atua\u00e7\u00e3o de uma frente fria sobre a costa leste do Nordeste continua influenciando o tempo no Cear\u00e1, especialmente nas macrorregi\u00f5es do Cariri e do Sert\u00e3o Central e Inhamuns, que seguem registrando chuvas entre esta ter\u00e7a (21) e quarta-feira (22).<\/p>\n","protected":false},"author":4,"featured_media":14505,"comment_status":"closed","ping_status":"open","sticky":false,"template":"","format":"standard","meta":[],"categories":[81,15],"tags":[50,47,411],"acf":[],"_links":{"self":[{"href":"http:\/\/www.funceme.br\/index.php?rest_route=\/wp\/v2\/posts\/14504"}],"collection":[{"href":"http:\/\/www.funceme.br\/index.php?rest_route=\/wp\/v2\/posts"}],"about":[{"href":"http:\/\/www.funceme.br\/index.php?rest_route=\/wp\/v2\/types\/post"}],"author":[{"embeddable":true,"href":"http:\/\/www.funceme.br\/index.php?rest_route=\/wp\/v2\/users\/4"}],"replies":[{"embeddable":true,"href":"http:\/\/www.funceme.br\/index.php?rest_route=%2Fwp%2Fv2%2Fcomments&post=14504"}],"version-history":[{"count":1,"href":"http:\/\/www.funceme.br\/index.php?rest_route=\/wp\/v2\/posts\/14504\/revisions"}],"predecessor-version":[{"id":14506,"href":"http:\/\/www.funceme.br\/index.php?rest_route=\/wp\/v2\/posts\/14504\/revisions\/14506"}],"wp:featuredmedia":[{"embeddable":true,"href":"http:\/\/www.funceme.br\/index.php?rest_route=\/wp\/v2\/media\/14505"}],"wp:attachment":[{"href":"http:\/\/www.funceme.br\/index.php?rest_route=%2Fwp%2Fv2%2Fmedia&parent=14504"}],"wp:term":[{"taxonomy":"category","embeddable":true,"href":"http:\/\/www.funceme.br\/index.php?rest_route=%2Fwp%2Fv2%2Fcategories&post=14504"},{"taxonomy":"post_tag","embeddable":true,"href":"http:\/\/www.funceme.br\/index.php?rest_route=%2Fwp%2Fv2%2Ftags&post=14504"}],"curies":[{"name":"wp","href":"https:\/\/api.w.org\/{rel}","templated":true}]}}