{"id":14508,"date":"2025-10-21T10:57:09","date_gmt":"2025-10-21T13:57:09","guid":{"rendered":"http:\/\/www.funceme.br\/?p=14508"},"modified":"2025-10-21T10:57:09","modified_gmt":"2025-10-21T13:57:09","slug":"jardim-registra-220-mm-maior-chuva-da-serie-historica-do-municipio","status":"publish","type":"post","link":"http:\/\/www.funceme.br\/?p=14508","title":{"rendered":"Jardim registra 220 mm, maior chuva da s\u00e9rie hist\u00f3rica do munic\u00edpio"},"content":{"rendered":"<div id=\"attachment_14509\" style=\"width: 760px\" class=\"wp-caption alignnone\"><img aria-describedby=\"caption-attachment-14509\" decoding=\"async\" loading=\"lazy\" class=\"wp-image-14509\" src=\"http:\/\/www.funceme.br\/wp-content\/uploads\/2025\/10\/WhatsApp-Image-2025-10-21-at-10.44.39.jpeg\" alt=\"Al\u00e9m de Jardim, outros munic\u00edpios do Cariri tamb\u00e9m receberam acumulados significativos (FOTO: Marciel Bezerra)\" width=\"750\" height=\"563\" srcset=\"http:\/\/www.funceme.br\/wp-content\/uploads\/2025\/10\/WhatsApp-Image-2025-10-21-at-10.44.39.jpeg 1600w, http:\/\/www.funceme.br\/wp-content\/uploads\/2025\/10\/WhatsApp-Image-2025-10-21-at-10.44.39-600x450.jpeg 600w, http:\/\/www.funceme.br\/wp-content\/uploads\/2025\/10\/WhatsApp-Image-2025-10-21-at-10.44.39-1200x900.jpeg 1200w, http:\/\/www.funceme.br\/wp-content\/uploads\/2025\/10\/WhatsApp-Image-2025-10-21-at-10.44.39-768x576.jpeg 768w, http:\/\/www.funceme.br\/wp-content\/uploads\/2025\/10\/WhatsApp-Image-2025-10-21-at-10.44.39-1536x1152.jpeg 1536w\" sizes=\"(max-width: 750px) 100vw, 750px\" \/><p id=\"caption-attachment-14509\" class=\"wp-caption-text\"><em>Al\u00e9m de Jardim, outros munic\u00edpios do Cariri tamb\u00e9m receberam acumulados significativos (FOTO: Marciel Bezerra)<\/em><\/p><\/div>\n<p>A passagem de uma frente fria pela costa leste do Nordeste favoreceu chuvas expressivas no sul do Cear\u00e1. O destaque foi o munic\u00edpio de Jardim, que registrou <strong>220 mil\u00edmetros<\/strong> no posto S\u00edtio Bonsucesso, o maior volume j\u00e1 observado na cidade desde o in\u00edcio da s\u00e9rie hist\u00f3rica de monitoramento pluviom\u00e9trico do \u00f3rg\u00e3o. No total, houve regsitros em, pelo menos, <strong>45 munic\u00edpios, <\/strong>entre as 7h de segunda (20) e as 7h desta ter\u00e7a-feira (21), conforme dados preliminares da Funceme.<\/p>\n<p>Al\u00e9m de Jardim, outros munic\u00edpios do Cariri tamb\u00e9m receberam acumulados significativos, evidenciando a influ\u00eancia direta do sistema frontal sobre o territ\u00f3rio cearense. Em Potengi, por exemplo, foram observados 128 mm na Vila Alecrim, 121 mm no S\u00edtio Quenquelere e 115 mm na sede do munic\u00edpio. J\u00e1 em Jardim (Serra Brejinho), o total chegou a 150 mm.<\/p>\n<p>Maiores chuvas do per\u00edodo (7h de 20\/10 \u00e0s 7h de 21\/10)<\/p>\n<p>-Jardim (S\u00edtio Bonsucesso): 220 mm<br \/>\n-Jardim (Serra Brejinho): 150 mm<br \/>\n-Potengi (Vila Alecrim): 128 mm<br \/>\n-Potengi (S\u00edtio Quenquelere): 121 mm<br \/>\n-Potengi (Sede): 115 mm<\/p>\n<p><strong>Influ\u00eancia da frente fria<\/strong><\/p>\n<p>De acordo com a Funceme, as chuvas foram provocadas pela atua\u00e7\u00e3o de uma frente fria sobre o litoral leste do Nordeste, que organizou \u00e1reas de instabilidade atmosf\u00e9rica e contribuiu para a forma\u00e7\u00e3o de nuvens de grande desenvolvimento vertical sobre o Cariri e o Sert\u00e3o Central e Inhamuns.<\/p>\n<p>A tend\u00eancia, segundo a previs\u00e3o do tempo, \u00e9 de que o sistema continue influenciando o sul do estado at\u00e9 a quarta-feira (22), com possibilidade de novas precipita\u00e7\u00f5es nos per\u00edodos da madrugada, manh\u00e3 e noite.<\/p>\n","protected":false},"excerpt":{"rendered":"<p>A passagem de uma frente fria pela costa leste do Nordeste favoreceu chuvas expressivas no sul do Cear\u00e1. O destaque foi o munic\u00edpio de Jardim, que registrou 220 mil\u00edmetros no posto S\u00edtio Bonsucesso, o maior volume j\u00e1 observado na cidade desde o in\u00edcio da s\u00e9rie hist\u00f3rica de monitoramento pluviom\u00e9trico do \u00f3rg\u00e3o. No total, houve regsitros [&hellip;]<\/p>\n","protected":false},"author":4,"featured_media":14509,"comment_status":"closed","ping_status":"open","sticky":false,"template":"","format":"standard","meta":[],"categories":[81,15],"tags":[50,640],"acf":[],"_links":{"self":[{"href":"http:\/\/www.funceme.br\/index.php?rest_route=\/wp\/v2\/posts\/14508"}],"collection":[{"href":"http:\/\/www.funceme.br\/index.php?rest_route=\/wp\/v2\/posts"}],"about":[{"href":"http:\/\/www.funceme.br\/index.php?rest_route=\/wp\/v2\/types\/post"}],"author":[{"embeddable":true,"href":"http:\/\/www.funceme.br\/index.php?rest_route=\/wp\/v2\/users\/4"}],"replies":[{"embeddable":true,"href":"http:\/\/www.funceme.br\/index.php?rest_route=%2Fwp%2Fv2%2Fcomments&post=14508"}],"version-history":[{"count":1,"href":"http:\/\/www.funceme.br\/index.php?rest_route=\/wp\/v2\/posts\/14508\/revisions"}],"predecessor-version":[{"id":14510,"href":"http:\/\/www.funceme.br\/index.php?rest_route=\/wp\/v2\/posts\/14508\/revisions\/14510"}],"wp:featuredmedia":[{"embeddable":true,"href":"http:\/\/www.funceme.br\/index.php?rest_route=\/wp\/v2\/media\/14509"}],"wp:attachment":[{"href":"http:\/\/www.funceme.br\/index.php?rest_route=%2Fwp%2Fv2%2Fmedia&parent=14508"}],"wp:term":[{"taxonomy":"category","embeddable":true,"href":"http:\/\/www.funceme.br\/index.php?rest_route=%2Fwp%2Fv2%2Fcategories&post=14508"},{"taxonomy":"post_tag","embeddable":true,"href":"http:\/\/www.funceme.br\/index.php?rest_route=%2Fwp%2Fv2%2Ftags&post=14508"}],"curies":[{"name":"wp","href":"https:\/\/api.w.org\/{rel}","templated":true}]}}