{"id":14512,"date":"2025-10-23T17:16:40","date_gmt":"2025-10-23T20:16:40","guid":{"rendered":"http:\/\/www.funceme.br\/?p=14512"},"modified":"2025-10-31T07:46:49","modified_gmt":"2025-10-31T10:46:49","slug":"em-estudo-inedito-funceme-utiliza-sensoriamento-remoto-para-ampliar-monitoramento-da-qualidade-da-agua-dos-reservatorios-cearenses","status":"publish","type":"post","link":"http:\/\/www.funceme.br\/?p=14512","title":{"rendered":"Em estudo in\u00e9dito, Funceme utiliza sensoriamento remoto para ampliar monitoramento da qualidade da \u00e1gua dos reservat\u00f3rios cearenses"},"content":{"rendered":"<p><img decoding=\"async\" loading=\"lazy\" class=\"size-full wp-image-14513 aligncenter\" src=\"http:\/\/www.funceme.br\/wp-content\/uploads\/2025\/10\/Design-sem-nome.png\" alt=\"\" width=\"750\" height=\"750\" srcset=\"http:\/\/www.funceme.br\/wp-content\/uploads\/2025\/10\/Design-sem-nome.png 750w, http:\/\/www.funceme.br\/wp-content\/uploads\/2025\/10\/Design-sem-nome-600x600.png 600w\" sizes=\"(max-width: 750px) 100vw, 750px\" \/><\/p>\n<p><span style=\"font-weight: 400;\">Em um estado marcado pela escassez h\u00eddrica, compreender n\u00e3o apenas o volume, mas tamb\u00e9m a qualidade da \u00e1gua armazenada nos a\u00e7udes \u00e9 um desafio estrat\u00e9gico. Foi a partir dessa necessidade que nasceu o projeto \u201c<\/span><i><span style=\"font-weight: 400;\">Implementa\u00e7\u00e3o, em Car\u00e1ter Operacional, do Monitoramento Qualitativo dos Reservat\u00f3rios Monitorados a partir do Uso do Sensoriamento Remoto<\/span><\/i><span style=\"font-weight: 400;\">\u201d, desenvolvido pela Funda\u00e7\u00e3o Cearense de Meteorologia e Recursos H\u00eddricos (Funceme), em conjunto \u00e0 Companhia de Gest\u00e3o dos Recursos H\u00eddricos (Cogerh), com apoio do Banco Mundial.<\/span><\/p>\n<p><span style=\"font-weight: 400;\">A iniciativa representa um avan\u00e7o significativo na forma como o Cear\u00e1 acompanha a qualidade da \u00e1gua de seus reservat\u00f3rios, utilizando processamento digital de imagens de sat\u00e9lite e outras t\u00e9cnicas de sensoriamento remoto para gerar diagn\u00f3sticos mais amplos e frequentes.<\/span><\/p>\n<p><span style=\"font-weight: 400;\">A partir de an\u00e1lises de par\u00e2metros f\u00edsicos, qu\u00edmicos e biol\u00f3gicos, foi poss\u00edvel identificar comportamentos distintos entre os reservat\u00f3rios avaliados. Enquanto alguns apresentaram boas condi\u00e7\u00f5es de qualidade, outros revelaram sinais de comprometimento, especialmente em regi\u00f5es com uso mais intensivo do solo, presen\u00e7a de atividades agr\u00edcolas ou ocupa\u00e7\u00e3o desordenada nas bacias de contribui\u00e7\u00e3o.<\/span><\/p>\n<p><span style=\"font-weight: 400;\">Entre os principais resultados, o estudo revelou avan\u00e7os e alertas importantes. A metodologia desenvolvida permitiu identificar um n\u00famero expressivo de reservat\u00f3rios na Regi\u00e3o Metropolitana de Fortaleza, mesmo em \u00e1reas de dif\u00edcil detec\u00e7\u00e3o, ampliando as possibilidades de monitoramento da qualidade da \u00e1gua em zonas urbanas e rurais.<\/span><\/p>\n<p><span style=\"font-weight: 400;\">Tamb\u00e9m foi poss\u00edvel observar, em reservat\u00f3rios como o Castanh\u00e3o, os efeitos prolongados da seca de 2012 a 2017 sobre a eutrofiza\u00e7\u00e3o, que diminuiu gradualmente com a retomada das chuvas a partir de 2018.<\/span><\/p>\n<p><span style=\"font-weight: 400;\">J\u00e1 o a\u00e7ude Curral Velho apresentou n\u00edveis de qualidade inferiores aos demais ao longo da s\u00e9rie hist\u00f3rica, indicando altas concentra\u00e7\u00f5es de clorofila e turbidez, o que refor\u00e7a a necessidade de maior aten\u00e7\u00e3o ao controle de nutrientes que chegam ao reservat\u00f3rio.<\/span><\/p>\n<p><b>Gest\u00e3o h\u00eddrica e na inova\u00e7\u00e3o<\/b><\/p>\n<p><span style=\"font-weight: 400;\">Para enfrentamento da escassez e da press\u00e3o sobre os recursos h\u00eddricos, o Governo do Cear\u00e1 vem promovendo estudos voltados ao fortalecimento da gest\u00e3o p\u00fablica, com foco em diversas \u00e1reas, entre elas a qualidade da \u00e1gua em bacias hidrogr\u00e1ficas estrat\u00e9gicas.<\/span><\/p>\n<p><span style=\"font-weight: 400;\">Nesse contexto, e no \u00e2mbito do projeto \u201c<\/span><i><span style=\"font-weight: 400;\">Apoio ao Crescimento Econ\u00f4mico com Redu\u00e7\u00e3o das Desigualdades e Sustentabilidade Ambiental do Cear\u00e1 \u2013 Programa para Resultados (PforR)<\/span><\/i><span style=\"font-weight: 400;\">\u201d, com recursos do Banco Mundial, buscou-se desenvolver uma metodologia adaptada \u00e0s condi\u00e7\u00f5es semi\u00e1ridas para avalia\u00e7\u00e3o e simula\u00e7\u00e3o da qualidade da \u00e1gua em reservat\u00f3rios do Estado.<\/span><\/p>\n<p><span style=\"font-weight: 400;\">Foi dentro desse esfor\u00e7o que surgiu a proposta de implementar, de forma operacional, o monitoramento qualitativo dos reservat\u00f3rios a partir do uso do sensoriamento remoto, com o objetivo de ampliar a capacidade de observa\u00e7\u00e3o e gest\u00e3o das \u00e1guas superficiais no Cear\u00e1.<\/span><\/p>\n<p><span style=\"font-weight: 400;\">Segundo Cl\u00e9cia Guimar\u00e3es, pesquisadora e coordenadora da Unidade de Estudos B\u00e1sicos da Funceme, a ideia do projeto nasceu da pr\u00f3pria realidade clim\u00e1tica e geol\u00f3gica do estado.<\/span><\/p>\n<p><span style=\"font-weight: 400;\">\u201cO Cear\u00e1 apresenta baixa precipita\u00e7\u00e3o e alta evapora\u00e7\u00e3o, o que reduz o volume dos reservat\u00f3rios. Al\u00e9m disso, a geologia cristalina favorece solos rasos e o escoamento superficial, dificultando o ac\u00famulo de \u00e1gua. Para contornar essa limita\u00e7\u00e3o, foi implantada uma pol\u00edtica de a\u00e7udagem, garantindo a seguran\u00e7a h\u00eddrica da popula\u00e7\u00e3o.\u201d, explica.<\/span><\/p>\n<p><span style=\"font-weight: 400;\">Com o tempo, a popula\u00e7\u00e3o tamb\u00e9m passou a construir seus pr\u00f3prios barramentos. \u201cDe acordo com um mapeamento da Funceme em 2021, o estado conta com mais de 100 mil<\/span> <span style=\"font-weight: 400;\">barramentos, muitos de pequeno porte. E a pergunta que fica \u00e9: qual a qualidade da \u00e1gua armazenada nesses reservat\u00f3rios?\u201d, questiona.<\/span><\/p>\n<p><span style=\"font-weight: 400;\">A pesquisadora lembra que a alta evapora\u00e7\u00e3o e o aporte de nutrientes tornam muitos a\u00e7udes vulner\u00e1veis \u00e0 eutrofiza\u00e7\u00e3o, que \u00e9 o processo que reduz a qualidade da \u00e1gua e compromete a vida aqu\u00e1tica.<\/span><\/p>\n<p><span style=\"font-weight: 400;\">\u201cMesmo com os avan\u00e7os recentes do marco de saneamento, os efeitos sobre os reservat\u00f3rios ainda podem ser sentidos por pelo menos dois anos, que \u00e9 o tempo de resid\u00eancia da \u00e1gua\u201d, acrescenta Guimar\u00e3es.<\/span><\/p>\n<p><b>Seis reservat\u00f3rios como estudo de caso<\/b><\/p>\n<p><span style=\"font-weight: 400;\">Para a fase inicial, foram selecionados seis reservat\u00f3rios estrat\u00e9gicos: <\/span><b>Castanh\u00e3o, Curral Velho, Edson Queiroz, Jaburu I, Pacoti e Olho d\u2019\u00c1gua.<\/b><span style=\"font-weight: 400;\"> A escolha, segundo a pesquisadora da Funceme, contou com o apoio da Companhia de Gest\u00e3o dos Recursos H\u00eddricos (Cogerh). \u201cA parceria foi fundamental. Juntas, as equipes da Funceme e da Cogerh definiram crit\u00e9rios que consideraram a variabilidade tr\u00f3fica, \u00e1rea do espelho d\u2019\u00e1gua, volume armazenado e import\u00e2ncia para o abastecimento humano\u201d, explica.<\/span><\/p>\n<div id=\"attachment_14514\" style=\"width: 760px\" class=\"wp-caption alignnone\"><img aria-describedby=\"caption-attachment-14514\" decoding=\"async\" loading=\"lazy\" class=\"wp-image-14514\" src=\"http:\/\/www.funceme.br\/wp-content\/uploads\/2025\/10\/clorofila_06_2024_curral-scaled.jpg\" alt=\"Imagem de sat\u00e9lite do a\u00e7ude Curral Velho, datada de junho de 2024. O reservat\u00f3rio mostrava alta presen\u00e7a de clorofila. (FOTO: Funceme)\" width=\"750\" height=\"530\" srcset=\"http:\/\/www.funceme.br\/wp-content\/uploads\/2025\/10\/clorofila_06_2024_curral-scaled.jpg 2560w, http:\/\/www.funceme.br\/wp-content\/uploads\/2025\/10\/clorofila_06_2024_curral-600x424.jpg 600w, http:\/\/www.funceme.br\/wp-content\/uploads\/2025\/10\/clorofila_06_2024_curral-1200x848.jpg 1200w, http:\/\/www.funceme.br\/wp-content\/uploads\/2025\/10\/clorofila_06_2024_curral-768x543.jpg 768w, http:\/\/www.funceme.br\/wp-content\/uploads\/2025\/10\/clorofila_06_2024_curral-1536x1086.jpg 1536w, http:\/\/www.funceme.br\/wp-content\/uploads\/2025\/10\/clorofila_06_2024_curral-2048x1448.jpg 2048w\" sizes=\"(max-width: 750px) 100vw, 750px\" \/><p id=\"caption-attachment-14514\" class=\"wp-caption-text\">Imagem de sat\u00e9lite do a\u00e7ude Curral Velho, datada de junho de 2024. O reservat\u00f3rio mostrava alta presen\u00e7a de clorofila. (FOTO: Funceme)<\/p><\/div>\n<p><span style=\"font-weight: 400;\">O objetivo era contemplar reservat\u00f3rios de diferentes portes e regi\u00f5es, permitindo observar uma gama variada de condi\u00e7\u00f5es ambientais e n\u00edveis de eutrofiza\u00e7\u00e3o.<\/span><\/p>\n<p><span style=\"font-weight: 400;\">\u201cO monitoramento da qualidade da \u00e1gua \u00e9 fundamental para a sa\u00fade da popula\u00e7\u00e3o e a preserva\u00e7\u00e3o do meio ambiente\u201d, enfatiza Cl\u00e9cia Guimar\u00e3es.<\/span><\/p>\n<p><span style=\"font-weight: 400;\">Segundo ela, \u00e9 por meio desse acompanhamento que se identifica a ocorr\u00eancia de processos como a eutrofiza\u00e7\u00e3o, impulsionada pelo excesso de nutrientes, especialmente f\u00f3sforo e nitrog\u00eanio, oriundos de fertilizantes, esgotos e sedimentos.<\/span><\/p>\n<p><span style=\"font-weight: 400;\">\u201cEsse processo reduz a transpar\u00eancia da \u00e1gua, diminui a produ\u00e7\u00e3o de oxig\u00eanio e pode causar flora\u00e7\u00f5es de cianobact\u00e9rias potencialmente t\u00f3xicas. Garantir a qualidade da \u00e1gua \u00e9, portanto, uma a\u00e7\u00e3o preventiva e estrat\u00e9gica para o bem-estar humano e a sustentabilidade ambiental.\u201d<\/span><\/p>\n<p><img decoding=\"async\" loading=\"lazy\" class=\"alignnone size-full wp-image-14515\" src=\"http:\/\/www.funceme.br\/wp-content\/uploads\/2025\/10\/clorofila_06_2024_castanhao-scaled.jpg\" alt=\"Presen\u00e7a de clorofila-a no Castnh\u00e3o em junho de 2024 (FOTO: Funceme)\" width=\"2560\" height=\"1810\" srcset=\"http:\/\/www.funceme.br\/wp-content\/uploads\/2025\/10\/clorofila_06_2024_castanhao-scaled.jpg 2560w, http:\/\/www.funceme.br\/wp-content\/uploads\/2025\/10\/clorofila_06_2024_castanhao-600x424.jpg 600w, http:\/\/www.funceme.br\/wp-content\/uploads\/2025\/10\/clorofila_06_2024_castanhao-1200x848.jpg 1200w, http:\/\/www.funceme.br\/wp-content\/uploads\/2025\/10\/clorofila_06_2024_castanhao-768x543.jpg 768w, http:\/\/www.funceme.br\/wp-content\/uploads\/2025\/10\/clorofila_06_2024_castanhao-1536x1086.jpg 1536w, http:\/\/www.funceme.br\/wp-content\/uploads\/2025\/10\/clorofila_06_2024_castanhao-2048x1448.jpg 2048w\" sizes=\"(max-width: 2560px) 100vw, 2560px\" \/><\/p>\n<p><b>Como o sensoriamento remoto faz isso<\/b><\/p>\n<p><span style=\"font-weight: 400;\">De forma simplificada, o sensoriamento remoto permite analisar corpos d\u2019\u00e1gua sem contato direto. \u201cToda forma de energia interage com os objetos da superf\u00edcie terrestre. Os sensores captam essa energia e permitem inferir caracter\u00edsticas sem precisar toc\u00e1-los. \u00c9 o que chamamos de sensoriamento remoto\u201d, explica Cl\u00e9cia Guimar\u00e3es.<\/span><\/p>\n<p><span style=\"font-weight: 400;\">A t\u00e9cnica utiliza diferentes regi\u00f5es do espectro eletromagn\u00e9tico, principalmente o vis\u00edvel e o infravermelho, para estimar par\u00e2metros como clorofila-a, sedimentos em suspens\u00e3o, mat\u00e9ria org\u00e2nica e turbidez. \u201cQuando a radia\u00e7\u00e3o solar incide sobre o reservat\u00f3rio, ela interage com esses par\u00e2metros e retorna para o sensor, que identifica a concentra\u00e7\u00e3o de cada um deles\u201d, detalha.<\/span><\/p>\n<p><b>Coleta e processamento de dados<\/b><\/p>\n<p><span style=\"font-weight: 400;\">Durante o projeto, a equipe realizou coletas mensais durante um ano, em, pelo menos, tr\u00eas pontos de cada um dos seis reservat\u00f3rios analisados.<\/span><\/p>\n<p><span style=\"font-weight: 400;\">\u201cForam coletadas amostras na superf\u00edcie e \u00e0 profundidade do disco de Secchi, seguindo metodologia da Ag\u00eancia Nacional de \u00c1guas. Tamb\u00e9m utilizamos sondas multiparam\u00e9tricas e sensores radiom\u00e9tricos para medir par\u00e2metros de campo e dados espectrais\u201d, relata a pesquisadora.<\/span><\/p>\n<p><span style=\"font-weight: 400;\">Essas informa\u00e7\u00f5es foram relacionadas \u00e0s imagens do sat\u00e9lite Sentinel-2, da Ag\u00eancia Espacial Europeia. \u201cA coleta era feita o mais pr\u00f3ximo poss\u00edvel da passagem do sat\u00e9lite. Depois, os dados foram analisados estatisticamente e comparados aos da Cogerh. A partir disso, desenvolvemos equa\u00e7\u00f5es que permitem quantificar os par\u00e2metros de qualidade diretamente nas imagens\u201d, explica.<\/span><\/p>\n<p><b>Inova\u00e7\u00e3o<\/b><\/p>\n<p><span style=\"font-weight: 400;\">O uso do sensoriamento remoto representa um salto qualitativo no monitoramento. \u201cConseguimos observar o comportamento da eutrofiza\u00e7\u00e3o em toda a extens\u00e3o do reservat\u00f3rio, e n\u00e3o apenas em pontos isolados\u201d, destaca a servidora da Funceme.<\/span><\/p>\n<p><span style=\"font-weight: 400;\">Al\u00e9m disso, a frequ\u00eancia das observa\u00e7\u00f5es tamb\u00e9m aumenta. \u201cEnquanto o monitoramento convencional \u00e9 feito a cada tr\u00eas meses, o sat\u00e9lite Sentinel passa a cada cinco dias. Mesmo com a limita\u00e7\u00e3o de nuvens, \u00e9 poss\u00edvel gerar compostos quinzenais ou mensais, o que representa um grande ganho.\u201d<\/span><\/p>\n<p><span style=\"font-weight: 400;\">Ela ressalta, por\u00e9m, que a t\u00e9cnica n\u00e3o substitui o monitoramento convencional. \u201cOs dados de campo s\u00e3o essenciais para calibrar e validar os modelos. O sensoriamento remoto vem para agregar e fortalecer as an\u00e1lises\u201d, refor\u00e7a.<\/span><\/p>\n<p><b>Resultados e aplica\u00e7\u00f5es<\/b><\/p>\n<p><span style=\"font-weight: 400;\">Os resultados j\u00e1 mostram potencial de uso tanto para gestores p\u00fablicos quanto para comunidades locais.<\/span><\/p>\n<p><span style=\"font-weight: 400;\">\u201cIdentificar o grau e a periodicidade da eutrofiza\u00e7\u00e3o permite associar o fen\u00f4meno a atividades humanas e adotar medidas preventivas\u201d, explica Cl\u00e9cia. \u201cEm alguns casos, os gestores podem inclusive avaliar riscos \u00e0 sa\u00fade e restringir o uso da \u00e1gua.\u201d<\/span><\/p>\n<p><span style=\"font-weight: 400;\">Para os pequenos propriet\u00e1rios, a ferramenta tamb\u00e9m tem valor educativo. \u201cComo ela permite monitorar a\u00e7udes menores, o produtor pode observar a qualidade da \u00e1gua de sua propriedade e refletir sobre suas pr\u00e1ticas. Isso ajuda a criar senso de pertencimento e responsabilidade ambiental.\u201d<\/span><\/p>\n<p><b>O que os dados revelaram<\/b><\/p>\n<p><span style=\"font-weight: 400;\">Entre os resultados, chamou aten\u00e7\u00e3o a capacidade de identificar reservat\u00f3rios na Regi\u00e3o Metropolitana de Fortaleza, mesmo com as dificuldades de interfer\u00eancia de nuvens e edifica\u00e7\u00f5es.<\/span><\/p>\n<p><span style=\"font-weight: 400;\">\u201cIsso abre caminho para estudos sobre polui\u00e7\u00e3o difusa e pontual, al\u00e9m de an\u00e1lises da efici\u00eancia das redes de saneamento\u201d, comenta Cl\u00e9cia.<\/span><\/p>\n<p><span style=\"font-weight: 400;\">O comportamento da eutrofiza\u00e7\u00e3o tamb\u00e9m variou conforme as condi\u00e7\u00f5es clim\u00e1ticas. \u201cNo Castanh\u00e3o, por exemplo, observamos que a seca de 2012 a 2017 aumentou a eutrofiza\u00e7\u00e3o, mas com a volta das chuvas, houve melhora percept\u00edvel na qualidade da \u00e1gua.\u201d<\/span><\/p>\n<p><span style=\"font-weight: 400;\">Outro destaque foi o a\u00e7ude Curral Velho, que apresentou, ao longo da s\u00e9rie temporal de 2018 a 2024, n\u00edveis de clorofila acima do permitido pela Resolu\u00e7\u00e3o Conama 357\/2005. \u201c\u00c9 um dado preocupante, j\u00e1 que o Curral Velho \u00e9 fundamental para o abastecimento da Regi\u00e3o Metropolitana. Precisamos monitorar mais de perto o aporte de nutrientes que chegam at\u00e9 ele\u201d, alerta a pesquisadora.<\/span><\/p>\n<p><b>Expans\u00e3o\u00a0<\/b><\/p>\n<p><span style=\"font-weight: 400;\">Atualmente, o projeto cobre seis \u00e1reas (tiles) do sat\u00e9lite Sentinel-2, o que permite processar cerca de 60 reservat\u00f3rios. \u201cPara cobrir todo o estado, seriam necess\u00e1rios 20 tiles. Nosso objetivo \u00e9 expandir essa metodologia para contemplar todos os a\u00e7udes monitorados e n\u00e3o monitorados do Cear\u00e1\u201d, afirma Cl\u00e9cia Guimar\u00e3es.<\/span><\/p>\n<p><span style=\"font-weight: 400;\">Com o avan\u00e7o da tecnologia e o apoio institucional, o Cear\u00e1 d\u00e1 mais um passo rumo a uma gest\u00e3o h\u00eddrica mais eficiente, preventiva e sustent\u00e1vel.<\/span><\/p>\n","protected":false},"excerpt":{"rendered":"<p>Em um estado marcado pela escassez h\u00eddrica, compreender n\u00e3o apenas o volume, mas tamb\u00e9m a qualidade da \u00e1gua armazenada nos a\u00e7udes \u00e9 um desafio estrat\u00e9gico. Foi a partir dessa necessidade que nasceu o projeto \u201cImplementa\u00e7\u00e3o, em Car\u00e1ter Operacional, do Monitoramento Qualitativo dos Reservat\u00f3rios Monitorados a partir do Uso do Sensoriamento Remoto\u201d, desenvolvido pela Funda\u00e7\u00e3o Cearense [&hellip;]<\/p>\n","protected":false},"author":4,"featured_media":14513,"comment_status":"closed","ping_status":"open","sticky":false,"template":"","format":"standard","meta":[],"categories":[289,15],"tags":[],"acf":[],"_links":{"self":[{"href":"http:\/\/www.funceme.br\/index.php?rest_route=\/wp\/v2\/posts\/14512"}],"collection":[{"href":"http:\/\/www.funceme.br\/index.php?rest_route=\/wp\/v2\/posts"}],"about":[{"href":"http:\/\/www.funceme.br\/index.php?rest_route=\/wp\/v2\/types\/post"}],"author":[{"embeddable":true,"href":"http:\/\/www.funceme.br\/index.php?rest_route=\/wp\/v2\/users\/4"}],"replies":[{"embeddable":true,"href":"http:\/\/www.funceme.br\/index.php?rest_route=%2Fwp%2Fv2%2Fcomments&post=14512"}],"version-history":[{"count":1,"href":"http:\/\/www.funceme.br\/index.php?rest_route=\/wp\/v2\/posts\/14512\/revisions"}],"predecessor-version":[{"id":14516,"href":"http:\/\/www.funceme.br\/index.php?rest_route=\/wp\/v2\/posts\/14512\/revisions\/14516"}],"wp:featuredmedia":[{"embeddable":true,"href":"http:\/\/www.funceme.br\/index.php?rest_route=\/wp\/v2\/media\/14513"}],"wp:attachment":[{"href":"http:\/\/www.funceme.br\/index.php?rest_route=%2Fwp%2Fv2%2Fmedia&parent=14512"}],"wp:term":[{"taxonomy":"category","embeddable":true,"href":"http:\/\/www.funceme.br\/index.php?rest_route=%2Fwp%2Fv2%2Fcategories&post=14512"},{"taxonomy":"post_tag","embeddable":true,"href":"http:\/\/www.funceme.br\/index.php?rest_route=%2Fwp%2Fv2%2Ftags&post=14512"}],"curies":[{"name":"wp","href":"https:\/\/api.w.org\/{rel}","templated":true}]}}