{"id":14566,"date":"2025-10-31T07:41:51","date_gmt":"2025-10-31T10:41:51","guid":{"rendered":"http:\/\/www.funceme.br\/?p=14566"},"modified":"2025-11-11T12:05:56","modified_gmt":"2025-11-11T15:05:56","slug":"14566","status":"publish","type":"post","link":"http:\/\/www.funceme.br\/?p=14566","title":{"rendered":"Estudo da Funceme revela cicatrizes de queimadas que se estendem por mais de 1.800 km\u00b2 no Cear\u00e1"},"content":{"rendered":"<div id=\"attachment_14567\" style=\"width: 640px\" class=\"wp-caption aligncenter\"><img aria-describedby=\"caption-attachment-14567\" decoding=\"async\" loading=\"lazy\" class=\"size-full wp-image-14567\" src=\"http:\/\/www.funceme.br\/wp-content\/uploads\/2025\/10\/imagem-satelite.png\" alt=\"Resposta espectral de uma cicatriz de queimada (roxo) nas imagens de sat\u00e9lite em Ic\u00f3 (FOTO: Landsat)\" width=\"630\" height=\"407\" srcset=\"http:\/\/www.funceme.br\/wp-content\/uploads\/2025\/10\/imagem-satelite.png 630w, http:\/\/www.funceme.br\/wp-content\/uploads\/2025\/10\/imagem-satelite-600x388.png 600w\" sizes=\"(max-width: 630px) 100vw, 630px\" \/><p id=\"caption-attachment-14567\" class=\"wp-caption-text\"><span style=\"color: #6b6b6b;\"><em>Resposta espectral de uma cicatriz de queimada (roxo) nas imagens de sat\u00e9lite em Ic\u00f3 (FOTO: Landsat)<\/em><\/span><\/p><\/div>\n<p>Um estudo in\u00e9dito da Funda\u00e7\u00e3o Cearense de Meteorologia e Recursos H\u00eddricos (Funceme) divulgado nesse m\u00eas de outubro revela o tamanho e a evolu\u00e7\u00e3o das \u201ccicatrizes de queimadas\u201d deixadas no territ\u00f3rio cearense entre 2020 e 2024.<\/p>\n<p>As an\u00e1lises, realizadas com base em imagens de sat\u00e9lite e processadas por meio da plataforma Google Earth Engine (GEE), mostram que os inc\u00eandios florestais e queimadas continuam sendo uma das principais press\u00f5es ambientais sobre a Caatinga, especialmente entre os meses de setembro e dezembro, per\u00edodo mais seco do ano no estado.<\/p>\n<p>Entre os anos analisados, o estudo realizado pela Ger\u00eancia de Estudos e Pesquisas em Meio Ambiente aponta que 2023 foi o mais cr\u00edtico, com 1.881,79 km\u00b2 de \u00e1rea queimada, o dobro da m\u00e9dia hist\u00f3rica do per\u00edodo e mais que o triplo do registrado em 2021, quando o total foi de 752,13 km\u00b2. J\u00e1 2024 apresentou uma leve redu\u00e7\u00e3o, com 1.380,26 km\u00b2, mas ainda manteve n\u00fameros superiores aos observados no in\u00edcio da s\u00e9rie.<\/p>\n<p>O relat\u00f3rio tamb\u00e9m identificou os munic\u00edpios com maiores extens\u00f5es de \u00e1reas queimadas ao longo do per\u00edodo. Em 2022, o destaque foi para Ic\u00f3, com 55,98 km\u00b2 de \u00e1rea queimada, seguido de Santa Quit\u00e9ria (32,65 km\u00b2), Jaguaribe (28,52 km\u00b2), Sobral (28,01 km\u00b2) e Iguatu (24,57 km\u00b2). Outros munic\u00edpios que chamaram aten\u00e7\u00e3o foram Carir\u00e9, Or\u00f3s, Barro, Granja e Acopiara, todos com valores acima de 15 km\u00b2.<\/p>\n<p>&nbsp;<\/p>\n<table style=\"width: 100%; border-collapse: collapse; text-align: center;\">\n<thead>\n<tr style=\"background-color: #f4f4f4;\">\n<th style=\"padding: 8px; border: 1px solid #ddd;\">Munic\u00edpio<\/th>\n<th style=\"padding: 8px; border: 1px solid #ddd;\">2022 (km\u00b2)<\/th>\n<th style=\"padding: 8px; border: 1px solid #ddd;\">2023 (km\u00b2)<\/th>\n<th style=\"padding: 8px; border: 1px solid #ddd;\">2024 (km\u00b2)<\/th>\n<\/tr>\n<\/thead>\n<tbody>\n<tr>\n<td>Ic\u00f3<\/td>\n<td>55,98<\/td>\n<td>119,68<\/td>\n<td>44,89<\/td>\n<\/tr>\n<tr>\n<td>Santa Quit\u00e9ria<\/td>\n<td>32,65<\/td>\n<td>35,43<\/td>\n<td>32,24<\/td>\n<\/tr>\n<tr>\n<td>Jaguaribe<\/td>\n<td>28,52<\/td>\n<td>\u2013<\/td>\n<td>\u2013<\/td>\n<\/tr>\n<tr>\n<td>Sobral<\/td>\n<td>28,01<\/td>\n<td>\u2013<\/td>\n<td>43,69<\/td>\n<\/tr>\n<tr>\n<td>Iguatu<\/td>\n<td>24,57<\/td>\n<td>\u2013<\/td>\n<td>\u2013<\/td>\n<\/tr>\n<tr>\n<td>Acopiara<\/td>\n<td>15,37<\/td>\n<td>63,87<\/td>\n<td>47,04<\/td>\n<\/tr>\n<tr>\n<td>Cariria\u00e7u<\/td>\n<td>\u2013<\/td>\n<td>53,85<\/td>\n<td>\u2013<\/td>\n<\/tr>\n<tr>\n<td>Juc\u00e1s<\/td>\n<td>\u2013<\/td>\n<td>50,78<\/td>\n<td>\u2013<\/td>\n<\/tr>\n<tr>\n<td>V\u00e1rzea Alegre<\/td>\n<td>\u2013<\/td>\n<td>49,96<\/td>\n<td>\u2013<\/td>\n<\/tr>\n<tr>\n<td>Assar\u00e9<\/td>\n<td>\u2013<\/td>\n<td>43,88<\/td>\n<td>27,22<\/td>\n<\/tr>\n<tr>\n<td>Momba\u00e7a<\/td>\n<td>\u2013<\/td>\n<td>41,20<\/td>\n<td>36,67<\/td>\n<\/tr>\n<tr>\n<td>Araripe<\/td>\n<td>\u2013<\/td>\n<td>37,05<\/td>\n<td>\u2013<\/td>\n<\/tr>\n<tr>\n<td>Crate\u00fas<\/td>\n<td>\u2013<\/td>\n<td>\u2013<\/td>\n<td>31,48<\/td>\n<\/tr>\n<tr>\n<td>Miss\u00e3o Velha<\/td>\n<td>\u2013<\/td>\n<td>\u2013<\/td>\n<td>28,84<\/td>\n<\/tr>\n<tr>\n<td>Aiuaba<\/td>\n<td>\u2013<\/td>\n<td>\u2013<\/td>\n<td>27,99<\/td>\n<\/tr>\n<tr>\n<td>Pedra Branca<\/td>\n<td>\u2013<\/td>\n<td>\u2013<\/td>\n<td>27,66<\/td>\n<\/tr>\n<\/tbody>\n<\/table>\n<p>&nbsp;<\/p>\n<p><strong>Causas<\/strong><\/p>\n<p>Segundo os pesquisadores, as condi\u00e7\u00f5es de seca, a baixa umidade do ar e o uso do fogo em atividades agropecu\u00e1rias est\u00e3o entre os principais fatores que favorecem a propaga\u00e7\u00e3o das chamas. Al\u00e9m dos impactos sobre a vegeta\u00e7\u00e3o nativa, as queimadas causam perda de biodiversidade, emiss\u00e3o de gases de efeito estufa e preju\u00edzos \u00e0s comunidades rurais.<\/p>\n<p>A an\u00e1lise tamb\u00e9m mostra forte sazonalidade: outubro e novembro concentram os maiores danos ambientais, respondendo por cerca de 75% das \u00e1reas queimadas em alguns anos.<\/p>\n<p>Em 2023, o m\u00eas de novembro atingiu o recorde da s\u00e9rie, com 749,65 km\u00b2 queimados, enquanto dezembro de 2024 apresentou o maior valor j\u00e1 registrado para o m\u00eas, com 445,14 km\u00b2. Setembro, embora menos expressivo, chegou a ultrapassar 220 km\u00b2 queimados naquele mesmo 2023.<\/p>\n<p>&nbsp;<\/p>\n<p><strong>Import\u00e2ncia<\/strong><\/p>\n<p>Para os especialistas da Funceme, o mapeamento das cicatrizes de fogo ao longo dos cinco anos oferece subs\u00eddios fundamentais para pol\u00edticas p\u00fablicas de preven\u00e7\u00e3o e combate \u00e0s queimadas, bem como para a\u00e7\u00f5es de manejo sustent\u00e1vel em \u00e1reas mais vulner\u00e1veis do Cear\u00e1.<\/p>\n<p>\u201cAs cicatrizes de queimadas s\u00e3o marcas vis\u00edveis do impacto humano e clim\u00e1tico sobre o territ\u00f3rio. Entender onde e quando elas ocorrem \u00e9 essencial para planejar estrat\u00e9gias de mitiga\u00e7\u00e3o e evitar que essas \u00e1reas se tornem ainda mais degradadas\u201d, destaca a equipe t\u00e9cnica respons\u00e1vel pelo estudo.<\/p>\n<p>Apesar das varia\u00e7\u00f5es entre os anos, o relat\u00f3rio refor\u00e7a que a press\u00e3o do fogo sobre o semi\u00e1rido cearense segue alta, exigindo aten\u00e7\u00e3o cont\u00ednua e integra\u00e7\u00e3o entre ci\u00eancia, gest\u00e3o ambiental e comunidades locais para frear os danos que continuam deixando novas cicatrizes no solo e na paisagem do estado.<\/p>\n","protected":false},"excerpt":{"rendered":"<p>Um estudo in\u00e9dito da Funda\u00e7\u00e3o Cearense de Meteorologia e Recursos H\u00eddricos (Funceme) divulgado nesse m\u00eas de outubro revela o tamanho e a evolu\u00e7\u00e3o das \u201ccicatrizes de queimadas\u201d deixadas no territ\u00f3rio cearense entre 2020 e 2024.<\/p>\n","protected":false},"author":4,"featured_media":14567,"comment_status":"closed","ping_status":"open","sticky":false,"template":"","format":"standard","meta":[],"categories":[289,15],"tags":[57,325,556,633],"acf":[],"_links":{"self":[{"href":"http:\/\/www.funceme.br\/index.php?rest_route=\/wp\/v2\/posts\/14566"}],"collection":[{"href":"http:\/\/www.funceme.br\/index.php?rest_route=\/wp\/v2\/posts"}],"about":[{"href":"http:\/\/www.funceme.br\/index.php?rest_route=\/wp\/v2\/types\/post"}],"author":[{"embeddable":true,"href":"http:\/\/www.funceme.br\/index.php?rest_route=\/wp\/v2\/users\/4"}],"replies":[{"embeddable":true,"href":"http:\/\/www.funceme.br\/index.php?rest_route=%2Fwp%2Fv2%2Fcomments&post=14566"}],"version-history":[{"count":2,"href":"http:\/\/www.funceme.br\/index.php?rest_route=\/wp\/v2\/posts\/14566\/revisions"}],"predecessor-version":[{"id":14569,"href":"http:\/\/www.funceme.br\/index.php?rest_route=\/wp\/v2\/posts\/14566\/revisions\/14569"}],"wp:featuredmedia":[{"embeddable":true,"href":"http:\/\/www.funceme.br\/index.php?rest_route=\/wp\/v2\/media\/14567"}],"wp:attachment":[{"href":"http:\/\/www.funceme.br\/index.php?rest_route=%2Fwp%2Fv2%2Fmedia&parent=14566"}],"wp:term":[{"taxonomy":"category","embeddable":true,"href":"http:\/\/www.funceme.br\/index.php?rest_route=%2Fwp%2Fv2%2Fcategories&post=14566"},{"taxonomy":"post_tag","embeddable":true,"href":"http:\/\/www.funceme.br\/index.php?rest_route=%2Fwp%2Fv2%2Ftags&post=14566"}],"curies":[{"name":"wp","href":"https:\/\/api.w.org\/{rel}","templated":true}]}}