{"id":14612,"date":"2025-11-24T11:25:08","date_gmt":"2025-11-24T14:25:08","guid":{"rendered":"https:\/\/www.funceme.br\/?p=14612"},"modified":"2025-11-25T11:46:56","modified_gmt":"2025-11-25T14:46:56","slug":"ceara-tera-predominio-de-tempo-firme-ate-quarta-feira-mas-com-chance-de-chuva-isolada-em-areas-do-litoral-e-de-serra","status":"publish","type":"post","link":"http:\/\/www.funceme.br\/?p=14612","title":{"rendered":"Cear\u00e1 ter\u00e1 predom\u00ednio de tempo firme at\u00e9 quarta, mas com chance de chuva isolada no litoral e na serra"},"content":{"rendered":"<p style=\"text-align: justify;\" data-start=\"276\" data-end=\"581\">A previs\u00e3o da Funda\u00e7\u00e3o Cearense de Meteorologia e Recursos H\u00eddricos (Funceme) para o per\u00edodo entre segunda-feira (24) e quarta-feira (26) aponta predom\u00ednio de estabilidade atmosf\u00e9rica em praticamente todo o Cear\u00e1. O cen\u00e1rio, t\u00edpico desta \u00e9poca do ano, deve garantir pouca nebulosidade, calor elevado e ventos mais intensos ao longo dos dias.<\/p>\n<p style=\"text-align: justify;\" data-start=\"583\" data-end=\"972\">Apesar disso, efeitos locais, como a atua\u00e7\u00e3o da brisa terrestre e a intera\u00e7\u00e3o dos ventos com o relevo, podem favorecer aumento de nuvens entre a madrugada e o in\u00edcio da manh\u00e3 de ter\u00e7a (25) e quarta-feira (26) sobre o Litoral de Fortaleza, Litoral do Pec\u00e9m e o Maci\u00e7o de Baturit\u00e9. Nessas \u00e1reas, h\u00e1 possibilidade de chuvas isoladas e fracas nesses hor\u00e1rios.<\/p>\n<p style=\"text-align: justify;\" data-start=\"974\" data-end=\"1114\">Na Ibiapaba, a tarde de ter\u00e7a-feira tamb\u00e9m pode ter c\u00e9u mais encoberto, com chance de precipita\u00e7\u00f5es isoladas e de baixa intensidade.<\/p>\n<p style=\"text-align: justify;\" data-start=\"1116\" data-end=\"1284\">Durante o per\u00edodo, os ventos devem chamar aten\u00e7\u00e3o: rajadas podem alcan\u00e7ar entre 50 e 55 km\/h em munic\u00edpios do Litoral Norte, Ibiapaba e Jaguaribana.<\/p>\n<h3 style=\"text-align: justify;\" data-start=\"1286\" data-end=\"1341\">Temperaturas elevadas em grande parte do estado<\/h3>\n<p style=\"text-align: justify;\" data-start=\"1343\" data-end=\"1659\">As temperaturas m\u00e1ximas devem variar entre 37\u00b0C e 38\u00b0C nas regi\u00f5es mais quentes, como Jaguaribana, Sert\u00e3o Central e Inhamuns e Litoral Norte. J\u00e1 na faixa litor\u00e2nea e em \u00e1reas serranas, os valores ficam entre 30\u00b0C e 32\u00b0C. Nas demais localidades, as m\u00e1ximas oscilam entre 33\u00b0C e 36\u00b0C.<\/p>\n<h3 style=\"text-align: justify;\" data-start=\"1661\" data-end=\"1715\">Umidade relativa do ar segue baixa no interior<\/h3>\n<p style=\"text-align: justify;\" data-start=\"1717\" data-end=\"2024\">A umidade m\u00ednima deve variar entre 35% e 45% na Jaguaribana, Cariri, Sert\u00e3o Central e Inhamuns. Na Ibiapaba, Litoral Norte, Maci\u00e7o de Baturit\u00e9 e Litoral do Pec\u00e9m, os valores sobem para 45% a 55%.<br data-start=\"1950\" data-end=\"1953\" \/>No Litoral de Fortaleza, a tend\u00eancia \u00e9 de \u00edndices acima de 50%.<\/p>\n<p style=\"text-align: justify;\" data-start=\"2026\" data-end=\"2168\">Os ventos sopram predominantemente de leste\u2013sudeste entre madrugada e manh\u00e3, mudando para Leste\u2013Nordeste ao longo da tarde e da noite. A previs\u00e3o por turnos pode ser consultada em: funceme.br\/?page_id=2543<\/p>\n<hr data-start=\"2246\" data-end=\"2249\" \/>\n<h2 style=\"text-align: justify;\" data-start=\"2251\" data-end=\"2290\">Fortaleza e Regi\u00e3o Metropolitana<\/h2>\n<p style=\"text-align: justify;\" data-start=\"2292\" data-end=\"2576\">Para esta segunda-feira (24), Fortaleza e RMF devem ter c\u00e9u variando de poucas nuvens a sem nuvens ao longo do dia. Entre o final da madrugada e o come\u00e7o da manh\u00e3, a atua\u00e7\u00e3o da brisa terrestre deve aumentar a nebulosidade, com possibilidade de chuva isolada e fraca.<\/p>\n<p style=\"text-align: justify;\" data-start=\"2578\" data-end=\"2800\">As temperaturas m\u00e1ximas ficam em torno dos 32\u00b0C na capital e entre 32\u00b0C e 33\u00b0C nos demais munic\u00edpios da RMF. As m\u00ednimas variam de 24\u00b0C a 27\u00b0C em Fortaleza e de 22\u00b0C a 26\u00b0C na regi\u00e3o metropolitana.<\/p>\n<p style=\"text-align: justify;\" data-start=\"2802\" data-end=\"2881\">A umidade relativa do ar permanece acima de 50% durante todo o per\u00edodo.<\/p>\n<p style=\"text-align: justify;\" data-start=\"2883\" data-end=\"2972\">Os ventos sopram de leste\u2013sudeste, com velocidade m\u00e1xima em torno de 45 km\/h.<\/p>\n","protected":false},"excerpt":{"rendered":"<p>A previs\u00e3o da Funda\u00e7\u00e3o Cearense de Meteorologia e Recursos H\u00eddricos (Funceme) para o per\u00edodo entre segunda-feira (24) e quarta-feira (26) aponta predom\u00ednio de estabilidade atmosf\u00e9rica em praticamente todo o Cear\u00e1. O cen\u00e1rio, t\u00edpico desta \u00e9poca do ano, deve garantir pouca nebulosidade, calor elevado e ventos mais intensos ao longo dos dias. Apesar disso, efeitos locais, [&hellip;]<\/p>\n","protected":false},"author":4,"featured_media":0,"comment_status":"closed","ping_status":"open","sticky":false,"template":"","format":"standard","meta":[],"categories":[81,15],"tags":[66,47,101,259],"acf":[],"_links":{"self":[{"href":"http:\/\/www.funceme.br\/index.php?rest_route=\/wp\/v2\/posts\/14612"}],"collection":[{"href":"http:\/\/www.funceme.br\/index.php?rest_route=\/wp\/v2\/posts"}],"about":[{"href":"http:\/\/www.funceme.br\/index.php?rest_route=\/wp\/v2\/types\/post"}],"author":[{"embeddable":true,"href":"http:\/\/www.funceme.br\/index.php?rest_route=\/wp\/v2\/users\/4"}],"replies":[{"embeddable":true,"href":"http:\/\/www.funceme.br\/index.php?rest_route=%2Fwp%2Fv2%2Fcomments&post=14612"}],"version-history":[{"count":2,"href":"http:\/\/www.funceme.br\/index.php?rest_route=\/wp\/v2\/posts\/14612\/revisions"}],"predecessor-version":[{"id":14615,"href":"http:\/\/www.funceme.br\/index.php?rest_route=\/wp\/v2\/posts\/14612\/revisions\/14615"}],"wp:attachment":[{"href":"http:\/\/www.funceme.br\/index.php?rest_route=%2Fwp%2Fv2%2Fmedia&parent=14612"}],"wp:term":[{"taxonomy":"category","embeddable":true,"href":"http:\/\/www.funceme.br\/index.php?rest_route=%2Fwp%2Fv2%2Fcategories&post=14612"},{"taxonomy":"post_tag","embeddable":true,"href":"http:\/\/www.funceme.br\/index.php?rest_route=%2Fwp%2Fv2%2Ftags&post=14612"}],"curies":[{"name":"wp","href":"https:\/\/api.w.org\/{rel}","templated":true}]}}