{"id":14675,"date":"2026-01-05T15:14:33","date_gmt":"2026-01-05T18:14:33","guid":{"rendered":"http:\/\/www.funceme.br\/?p=14675"},"modified":"2026-01-05T15:17:23","modified_gmt":"2026-01-05T18:17:23","slug":"chuvas-de-dezembro-ficam-dentro-da-normalidade-mas-com-desvios-negativos-em-maior-parte-do-estado","status":"publish","type":"post","link":"http:\/\/www.funceme.br\/?p=14675","title":{"rendered":"Chuvas de dezembro ficam dentro da normalidade, mas com desvios negativos em maior parte do estado"},"content":{"rendered":"<p data-start=\"0\" data-end=\"416\"><img decoding=\"async\" loading=\"lazy\" class=\"wp-image-14676 size-full aligncenter\" src=\"http:\/\/www.funceme.br\/wp-content\/uploads\/2026\/01\/accumulated_dez_2025.png\" alt=\"\" width=\"659\" height=\"696\" srcset=\"http:\/\/www.funceme.br\/wp-content\/uploads\/2026\/01\/accumulated_dez_2025.png 659w, http:\/\/www.funceme.br\/wp-content\/uploads\/2026\/01\/accumulated_dez_2025-600x634.png 600w\" sizes=\"(max-width: 659px) 100vw, 659px\" \/><\/p>\n<p data-start=\"0\" data-end=\"416\">As chuvas registradas no Cear\u00e1 em dezembro ficaram, de modo geral, <strong>dentro da normalidade climatol\u00f3gica<\/strong>, segundo dados da Funda\u00e7\u00e3o Cearense de Meteorologia e Recursos H\u00eddricos (Funceme), embora com um desvio negativo significativo em rela\u00e7\u00e3o \u00e0 m\u00e9dia hist\u00f3rica. O acumulado m\u00e9dio observado no estado foi de 18,9 mil\u00edmetros, enquanto a normal climatol\u00f3gica para o m\u00eas \u00e9 de 31,3 mil\u00edmetros, uma redu\u00e7\u00e3o em torno de 40%.<\/p>\n<p data-start=\"418\" data-end=\"775\">A distribui\u00e7\u00e3o das precipita\u00e7\u00f5es foi irregular entre as regi\u00f5es cearenses. O centro-norte do estado concentrou os principais desvios negativos, com acumualdos abaixo do esperado para o per\u00edodo. Em contrapartida, o centro-sul apresentou munic\u00edpios com registros acima da m\u00e9dia, evidenciando a variabilidade espacial caracter\u00edstica das chuvas no m\u00eas de dezembro.<\/p>\n<p data-start=\"777\" data-end=\"1084\">Entre os maiores acumulados, destacaram-se os munic\u00edpios de <strong>Quixel\u00f4<\/strong>, com 139 mil\u00edmetros, <strong>Crato<\/strong>, com 120,3 mil\u00edmetros, e <strong>Ipaumirim<\/strong>, onde foram registrados 115,7 mil\u00edmetros ao longo do m\u00eas. Esses volumes contribu\u00edram para elevar a m\u00e9dia regional, mesmo diante de d\u00e9ficits observados em outras \u00e1reas do estado.<\/p>\n<p data-start=\"1086\" data-end=\"1455\" data-is-last-node=\"\" data-is-only-node=\"\">De acordo com a Funceme, as principais chuvas de dezembro ocorreram entre os dias 21 e 22, associadas \u00e0 atua\u00e7\u00e3o de um V\u00f3rtice Cicl\u00f4nico de Altos N\u00edveis (VCAN). Esse sistema atmosf\u00e9rico \u00e9 t\u00edpico do per\u00edodo de pr\u00e9-esta\u00e7\u00e3o chuvosa no Cear\u00e1 e costuma favorecer a forma\u00e7\u00e3o de \u00e1reas de instabilidade, resultando em precipita\u00e7\u00f5es mais concentradas em curto intervalo de tempo.<\/p>\n","protected":false},"excerpt":{"rendered":"<p>As chuvas registradas no Cear\u00e1 em dezembro ficaram, de modo geral, dentro da normalidade climatol\u00f3gica, segundo dados da Funda\u00e7\u00e3o Cearense de Meteorologia e Recursos H\u00eddricos (Funceme), embora com um desvio negativo significativo em rela\u00e7\u00e3o \u00e0 m\u00e9dia hist\u00f3rica. O acumulado m\u00e9dio observado no estado foi de 18,9 mil\u00edmetros, enquanto a normal climatol\u00f3gica para o m\u00eas \u00e9 de 31,3 mil\u00edmetros, uma redu\u00e7\u00e3o em torno de 40%.<\/p>\n","protected":false},"author":4,"featured_media":14676,"comment_status":"closed","ping_status":"open","sticky":false,"template":"","format":"standard","meta":[],"categories":[81,15],"tags":[57,47,357,104],"acf":[],"_links":{"self":[{"href":"http:\/\/www.funceme.br\/index.php?rest_route=\/wp\/v2\/posts\/14675"}],"collection":[{"href":"http:\/\/www.funceme.br\/index.php?rest_route=\/wp\/v2\/posts"}],"about":[{"href":"http:\/\/www.funceme.br\/index.php?rest_route=\/wp\/v2\/types\/post"}],"author":[{"embeddable":true,"href":"http:\/\/www.funceme.br\/index.php?rest_route=\/wp\/v2\/users\/4"}],"replies":[{"embeddable":true,"href":"http:\/\/www.funceme.br\/index.php?rest_route=%2Fwp%2Fv2%2Fcomments&post=14675"}],"version-history":[{"count":1,"href":"http:\/\/www.funceme.br\/index.php?rest_route=\/wp\/v2\/posts\/14675\/revisions"}],"predecessor-version":[{"id":14677,"href":"http:\/\/www.funceme.br\/index.php?rest_route=\/wp\/v2\/posts\/14675\/revisions\/14677"}],"wp:featuredmedia":[{"embeddable":true,"href":"http:\/\/www.funceme.br\/index.php?rest_route=\/wp\/v2\/media\/14676"}],"wp:attachment":[{"href":"http:\/\/www.funceme.br\/index.php?rest_route=%2Fwp%2Fv2%2Fmedia&parent=14675"}],"wp:term":[{"taxonomy":"category","embeddable":true,"href":"http:\/\/www.funceme.br\/index.php?rest_route=%2Fwp%2Fv2%2Fcategories&post=14675"},{"taxonomy":"post_tag","embeddable":true,"href":"http:\/\/www.funceme.br\/index.php?rest_route=%2Fwp%2Fv2%2Ftags&post=14675"}],"curies":[{"name":"wp","href":"https:\/\/api.w.org\/{rel}","templated":true}]}}