{"id":14693,"date":"2026-01-16T07:47:25","date_gmt":"2026-01-16T10:47:25","guid":{"rendered":"http:\/\/www.funceme.br\/?p=14693"},"modified":"2026-01-19T07:48:15","modified_gmt":"2026-01-19T10:48:15","slug":"com-pior-cenario-desde-dezembro-de-2018-seca-grave-relativa-chega-a-mais-de-40-do-ceara","status":"publish","type":"post","link":"http:\/\/www.funceme.br\/?p=14693","title":{"rendered":"Com pior cen\u00e1rio desde dezembro de 2018, seca grave relativa chega a mais de 40% do Cear\u00e1"},"content":{"rendered":"<p data-start=\"0\" data-end=\"236\"><img decoding=\"async\" loading=\"lazy\" class=\"wp-image-14694 aligncenter\" src=\"http:\/\/www.funceme.br\/wp-content\/uploads\/2026\/01\/WhatsApp-Image-2026-01-16-at-14.05.43-600x849.jpeg\" alt=\"\" width=\"750\" height=\"1061\" srcset=\"http:\/\/www.funceme.br\/wp-content\/uploads\/2026\/01\/WhatsApp-Image-2026-01-16-at-14.05.43-600x849.jpeg 600w, http:\/\/www.funceme.br\/wp-content\/uploads\/2026\/01\/WhatsApp-Image-2026-01-16-at-14.05.43-768x1086.jpeg 768w, http:\/\/www.funceme.br\/wp-content\/uploads\/2026\/01\/WhatsApp-Image-2026-01-16-at-14.05.43-1086x1536.jpeg 1086w, http:\/\/www.funceme.br\/wp-content\/uploads\/2026\/01\/WhatsApp-Image-2026-01-16-at-14.05.43.jpeg 1131w\" sizes=\"(max-width: 750px) 100vw, 750px\" \/><\/p>\n<p data-start=\"0\" data-end=\"236\">O novo mapa do Monitor de Secas aponta um cen\u00e1rio preocupante no Cear\u00e1. De acordo com a atualiza\u00e7\u00e3o mais recente, 42,04% do territ\u00f3rio cearense apresenta condi\u00e7\u00e3o de seca grave, atingindo diretamente 95 munic\u00edpios do estado.<\/p>\n<p data-start=\"238\" data-end=\"633\">Esse \u00e9 o pior cen\u00e1rio registrado desde dezembro de 2018, quando se observa a propor\u00e7\u00e3o de \u00e1rea afetada por seca grave. O agravamento do quadro est\u00e1 associado, principalmente, \u00e0 escassez de chuvas ao longo do segundo semestre de 2025, per\u00edodo que normalmente contribui para a recomposi\u00e7\u00e3o h\u00eddrica em diferentes regi\u00f5es do estado, mas que, desta vez, apresentou volumes abaixo do esperado.<\/p>\n<p data-start=\"635\" data-end=\"985\">Com o avan\u00e7o da seca grave, os impactos j\u00e1 come\u00e7am a ser sentidos em diversas \u00e1reas. Entre os principais efeitos destacados pelo Monitor est\u00e3o as perdas prov\u00e1veis de culturas agr\u00edcolas e pastagens, a escassez de \u00e1gua em comunidades rurais e urbanas e a imposi\u00e7\u00e3o de restri\u00e7\u00f5es no uso da \u00e1gua, especialmente em munic\u00edpios mais vulner\u00e1veis.<\/p>\n<p data-start=\"987\" data-end=\"1241\" data-is-last-node=\"\" data-is-only-node=\"\">O cen\u00e1rio refor\u00e7a a necessidade de aten\u00e7\u00e3o cont\u00ednua \u00e0s condi\u00e7\u00f5es clim\u00e1ticas e ao planejamento de a\u00e7\u00f5es de mitiga\u00e7\u00e3o, sobretudo em um contexto de maior variabilidade do regime de chuvas e de aumento da frequ\u00eancia de eventos extremos no semi\u00e1rido cearense.<\/p>\n<p><strong>Sobre o Monitor de Secas<\/strong><\/p>\n<p>O Monitor de Secas \u00e9 uma ferramenta de acompanhamento cont\u00ednuo da situa\u00e7\u00e3o da estiagem no Brasil. Seus resultados s\u00e3o divulgados mensalmente por meio de um mapa que apresenta a intensidade e a abrang\u00eancia da seca em cada unidade da federa\u00e7\u00e3o. A iniciativa \u00e9 coordenada pela Ag\u00eancia Nacional de \u00c1guas e Saneamento B\u00e1sico (ANA), com apoio de institui\u00e7\u00f5es parceiras nos estados. No Cear\u00e1, a Funceme \u00e9 respons\u00e1vel pela operacionaliza\u00e7\u00e3o e pela an\u00e1lise local dos dados.<\/p>\n<p>O monitoramento serve como subs\u00eddio fundamental para a tomada de decis\u00f5es nas \u00e1reas de agricultura, recursos h\u00eddricos e planejamento de pol\u00edticas p\u00fablicas, especialmente em regi\u00f5es historicamente vulner\u00e1veis \u00e0 variabilidade clim\u00e1tica, como o semi\u00e1rido cearense.<\/p>\n","protected":false},"excerpt":{"rendered":"<p>O novo mapa do Monitor de Secas aponta um cen\u00e1rio preocupante no Cear\u00e1. De acordo com a atualiza\u00e7\u00e3o mais recente, 42,04% do territ\u00f3rio cearense apresenta condi\u00e7\u00e3o de seca grave, atingindo diretamente 95 munic\u00edpios do estado.<\/p>\n","protected":false},"author":4,"featured_media":14694,"comment_status":"closed","ping_status":"open","sticky":false,"template":"","format":"standard","meta":[],"categories":[88,15],"tags":[89],"acf":[],"_links":{"self":[{"href":"http:\/\/www.funceme.br\/index.php?rest_route=\/wp\/v2\/posts\/14693"}],"collection":[{"href":"http:\/\/www.funceme.br\/index.php?rest_route=\/wp\/v2\/posts"}],"about":[{"href":"http:\/\/www.funceme.br\/index.php?rest_route=\/wp\/v2\/types\/post"}],"author":[{"embeddable":true,"href":"http:\/\/www.funceme.br\/index.php?rest_route=\/wp\/v2\/users\/4"}],"replies":[{"embeddable":true,"href":"http:\/\/www.funceme.br\/index.php?rest_route=%2Fwp%2Fv2%2Fcomments&post=14693"}],"version-history":[{"count":2,"href":"http:\/\/www.funceme.br\/index.php?rest_route=\/wp\/v2\/posts\/14693\/revisions"}],"predecessor-version":[{"id":14696,"href":"http:\/\/www.funceme.br\/index.php?rest_route=\/wp\/v2\/posts\/14693\/revisions\/14696"}],"wp:featuredmedia":[{"embeddable":true,"href":"http:\/\/www.funceme.br\/index.php?rest_route=\/wp\/v2\/media\/14694"}],"wp:attachment":[{"href":"http:\/\/www.funceme.br\/index.php?rest_route=%2Fwp%2Fv2%2Fmedia&parent=14693"}],"wp:term":[{"taxonomy":"category","embeddable":true,"href":"http:\/\/www.funceme.br\/index.php?rest_route=%2Fwp%2Fv2%2Fcategories&post=14693"},{"taxonomy":"post_tag","embeddable":true,"href":"http:\/\/www.funceme.br\/index.php?rest_route=%2Fwp%2Fv2%2Ftags&post=14693"}],"curies":[{"name":"wp","href":"https:\/\/api.w.org\/{rel}","templated":true}]}}