{"id":14705,"date":"2026-01-21T11:48:02","date_gmt":"2026-01-21T14:48:02","guid":{"rendered":"http:\/\/www.funceme.br\/?p=14705"},"modified":"2026-01-22T16:29:03","modified_gmt":"2026-01-22T19:29:03","slug":"funceme-divulga-prognostico-de-chuvas-para-o-periodo-fevereiro-a-abril-veja-detalhes","status":"publish","type":"post","link":"http:\/\/www.funceme.br\/?p=14705","title":{"rendered":"Funceme divulga progn\u00f3stico de chuvas para o per\u00edodo fevereiro a abril; veja detalhes"},"content":{"rendered":"<div id=\"attachment_14706\" style=\"width: 760px\" class=\"wp-caption aligncenter\"><img aria-describedby=\"caption-attachment-14706\" decoding=\"async\" loading=\"lazy\" class=\"wp-image-14706\" src=\"http:\/\/www.funceme.br\/wp-content\/uploads\/2026\/01\/MG_3813-600x400.jpg\" alt=\"Do ponto de vista espacial, h\u00e1 tend\u00eancia de o centro-sul do Cear\u00e1 apresentar condi\u00e7\u00f5es mais secas em rela\u00e7\u00e3o ao centro-norte no acumulado dos tr\u00eas meses. (FOTO: Tiago Stille\/Governo do Cear\u00e1)\" width=\"750\" height=\"500\" srcset=\"http:\/\/www.funceme.br\/wp-content\/uploads\/2026\/01\/MG_3813-600x400.jpg 600w, http:\/\/www.funceme.br\/wp-content\/uploads\/2026\/01\/MG_3813-1200x800.jpg 1200w, http:\/\/www.funceme.br\/wp-content\/uploads\/2026\/01\/MG_3813-768x512.jpg 768w, http:\/\/www.funceme.br\/wp-content\/uploads\/2026\/01\/MG_3813-1536x1024.jpg 1536w, http:\/\/www.funceme.br\/wp-content\/uploads\/2026\/01\/MG_3813-2048x1365.jpg 2048w\" sizes=\"(max-width: 750px) 100vw, 750px\" \/><p id=\"caption-attachment-14706\" class=\"wp-caption-text\"><em>Do ponto de vista espacial, h\u00e1 tend\u00eancia de o centro-sul do Cear\u00e1 apresentar condi\u00e7\u00f5es mais secas em rela\u00e7\u00e3o ao centro-norte no acumulado dos tr\u00eas meses. (FOTO: Tiago Stille\/Governo do Cear\u00e1)<\/em><\/p><\/div>\n<p>O progn\u00f3stico clim\u00e1tico para o per\u00edodo de fevereiro a abril no Cear\u00e1 divulgado pela Funda\u00e7\u00e3o Cearense de Meteorologia e Recursos H\u00eddricos (Funceme) nesta quarta-feira (21), no Pal\u00e1cio da Aboli\u00e7\u00e3o, indica 40% de chance de chuvas abaixo da m\u00e9dia, 40% em torno da m\u00e9dia e 20% acima da m\u00e9dia hist\u00f3rica.<\/p>\n<p>A \u201cnormalidade\u201d das chuvas, citada no progn\u00f3stico clim\u00e1tico, corresponde a uma categoria hist\u00f3rica calculada a partir de 30 anos de dados meteorol\u00f3gicos. Para o per\u00edodo analisado, acumulados abaixo de 512,5 mm s\u00e3o classificados como abaixo da normalidade; entre 512,5 mm e 705,9 mm, como em torno da normalidade; e acima de 705,9 mm, como acima da m\u00e9dia.<\/p>\n<p>Do ponto de vista espacial, h\u00e1 tend\u00eancia de o centro-sul do Cear\u00e1 apresentar condi\u00e7\u00f5es mais secas em rela\u00e7\u00e3o ao centro-norte no acumulado dos tr\u00eas meses.<\/p>\n<p>&#8220;Nas \u00e1reas que com tend\u00eancia de acumulados menores, essa irregularidade ao longo do tempo pode resultar em mais per\u00edodos com baixa pluviometria dentro da esta\u00e7\u00e3o chuvosa, os chamados veranicos. Existe expectativa de maiores acumulados, na regi\u00e3o norte do estado e \u00e1reas de serra, aumenta a chance de ocorrerem chuvas muito intensas devido a topografia&#8221;, explica o presidente da Funceme, Eduardo S\u00e1vio Martins.<\/p>\n<p><strong>Condi\u00e7\u00f5es oce\u00e2nicas<\/strong><\/p>\n<p>Para chegar aos resultados do progn\u00f3stico, a Funceme realiza a an\u00e1lise dos campos atmosf\u00e9ricos e oce\u00e2nicos de grande escala (vento em superf\u00edcie e em altitude, press\u00e3o ao n\u00edvel do mar, temperatura da superf\u00edcie do mar, entre outros) e dos resultados de modelos num\u00e9ricos globais e regionais.<\/p>\n<p>No contexto dos oceanos, o Pac\u00edfico permanece sob influ\u00eancia de resfriamento das \u00e1guas, caracterizando uma La Ni\u00f1a, por\u00e9m sem gerar benef\u00edcios significativos para o Cear\u00e1.<\/p>\n<p>&#8220;Isso ocorre devido \u00e0 interfer\u00eancia do oceano Atl\u00e2ntico equatorial, que apresenta condi\u00e7\u00f5es de normalidade (quanto \u00e0 temperatura de superf\u00edcie do mar), n\u00e3o favorecendo de forma direta para a\u00e7\u00e3o da Zona de Converg\u00eancia Intertropical (ZCIT) para o estado como um todo&#8221;, refor\u00e7a Martins.<\/p>\n<p><strong>Pr\u00e9-Esta\u00e7\u00e3o<\/strong><\/p>\n<p>As chuvas da pr\u00e9-esta\u00e7\u00e3o (janeiro e dezembro), observadas at\u00e9 esta quarta, registra o terceiro pior resultado da s\u00e9rie hist\u00f3rica de monitoramento da Funceme (acumulado m\u00e9dio de apenas 32,2 mil\u00edmetros), o que contribui para um in\u00edcio de quadra chuvosa com indicativos menos favor\u00e1veis, especialmente para recarga h\u00eddrica e atividades dependentes da regularidade das precipita\u00e7\u00f5es.<\/p>\n<p>Para o fim do m\u00eas de janeiro, a tend\u00eancia apontada pela Funceme \u00e9 de ocorr\u00eancia de precipita\u00e7\u00f5es pontuais ao longo do estado, sem indicativo de eventos generalizados ou persistentes, mantendo o padr\u00e3o de irregularidade observado nas \u00faltimas semanas. O m\u00eas de janeiro tem apenas 14,3 mm de precipita\u00e7\u00e3o observada e deve ter acumulado abaixo da m\u00e9dia hist\u00f3rica.<\/p>\n","protected":false},"excerpt":{"rendered":"<p>O progn\u00f3stico clim\u00e1tico para o per\u00edodo de fevereiro a abril no Cear\u00e1 divulgado pela Funda\u00e7\u00e3o Cearense de Meteorologia e Recursos H\u00eddricos (Funceme) nesta quarta-feira (21), no Pal\u00e1cio da Aboli\u00e7\u00e3o, indica 40% de chance de chuvas abaixo da m\u00e9dia, 40% em torno da m\u00e9dia e 20% acima da m\u00e9dia hist\u00f3rica. A \u201cnormalidade\u201d das chuvas, citada no [&hellip;]<\/p>\n","protected":false},"author":4,"featured_media":14706,"comment_status":"closed","ping_status":"open","sticky":false,"template":"","format":"standard","meta":[],"categories":[81,15],"tags":[64,141],"acf":[],"_links":{"self":[{"href":"http:\/\/www.funceme.br\/index.php?rest_route=\/wp\/v2\/posts\/14705"}],"collection":[{"href":"http:\/\/www.funceme.br\/index.php?rest_route=\/wp\/v2\/posts"}],"about":[{"href":"http:\/\/www.funceme.br\/index.php?rest_route=\/wp\/v2\/types\/post"}],"author":[{"embeddable":true,"href":"http:\/\/www.funceme.br\/index.php?rest_route=\/wp\/v2\/users\/4"}],"replies":[{"embeddable":true,"href":"http:\/\/www.funceme.br\/index.php?rest_route=%2Fwp%2Fv2%2Fcomments&post=14705"}],"version-history":[{"count":3,"href":"http:\/\/www.funceme.br\/index.php?rest_route=\/wp\/v2\/posts\/14705\/revisions"}],"predecessor-version":[{"id":14710,"href":"http:\/\/www.funceme.br\/index.php?rest_route=\/wp\/v2\/posts\/14705\/revisions\/14710"}],"wp:featuredmedia":[{"embeddable":true,"href":"http:\/\/www.funceme.br\/index.php?rest_route=\/wp\/v2\/media\/14706"}],"wp:attachment":[{"href":"http:\/\/www.funceme.br\/index.php?rest_route=%2Fwp%2Fv2%2Fmedia&parent=14705"}],"wp:term":[{"taxonomy":"category","embeddable":true,"href":"http:\/\/www.funceme.br\/index.php?rest_route=%2Fwp%2Fv2%2Fcategories&post=14705"},{"taxonomy":"post_tag","embeddable":true,"href":"http:\/\/www.funceme.br\/index.php?rest_route=%2Fwp%2Fv2%2Ftags&post=14705"}],"curies":[{"name":"wp","href":"https:\/\/api.w.org\/{rel}","templated":true}]}}