{"id":14811,"date":"2026-03-06T13:05:54","date_gmt":"2026-03-06T16:05:54","guid":{"rendered":"http:\/\/www.funceme.br\/?p=14811"},"modified":"2026-03-06T13:05:54","modified_gmt":"2026-03-06T16:05:54","slug":"chuvas-devem-diminuir-ate-sabado-7-no-ceara-mas-devem-ganhar-intensidade-no-domingo-8","status":"publish","type":"post","link":"http:\/\/www.funceme.br\/?p=14811","title":{"rendered":"Chuvas devem diminuir at\u00e9 s\u00e1bado (7) no Cear\u00e1, mas devem ganhar intensidade no domingo (8)"},"content":{"rendered":"<div id=\"attachment_14812\" style=\"width: 760px\" class=\"wp-caption aligncenter\"><img aria-describedby=\"caption-attachment-14812\" decoding=\"async\" loading=\"lazy\" class=\"wp-image-14812\" src=\"http:\/\/www.funceme.br\/wp-content\/uploads\/2026\/03\/WhatsApp-Image-2026-02-09-at-19.55.05-600x450.jpeg\" alt=\"Previs\u00e3o indica aumento da nebulosidade e dos acumulados de chuva no centro-norte do Cear\u00e1 no pr\u00f3ximo domingo (8) (FOTO: Marciel Bezerra)\" width=\"750\" height=\"563\" srcset=\"http:\/\/www.funceme.br\/wp-content\/uploads\/2026\/03\/WhatsApp-Image-2026-02-09-at-19.55.05-600x450.jpeg 600w, http:\/\/www.funceme.br\/wp-content\/uploads\/2026\/03\/WhatsApp-Image-2026-02-09-at-19.55.05-1200x900.jpeg 1200w, http:\/\/www.funceme.br\/wp-content\/uploads\/2026\/03\/WhatsApp-Image-2026-02-09-at-19.55.05-768x576.jpeg 768w, http:\/\/www.funceme.br\/wp-content\/uploads\/2026\/03\/WhatsApp-Image-2026-02-09-at-19.55.05-1536x1152.jpeg 1536w, http:\/\/www.funceme.br\/wp-content\/uploads\/2026\/03\/WhatsApp-Image-2026-02-09-at-19.55.05.jpeg 1600w\" sizes=\"(max-width: 750px) 100vw, 750px\" \/><p id=\"caption-attachment-14812\" class=\"wp-caption-text\"><em>Previs\u00e3o indica aumento da nebulosidade e dos acumulados de chuva no centro-norte do Cear\u00e1 no pr\u00f3ximo domingo (8) (FOTO: Marciel Bezerra)<\/em><\/p><\/div>\n<p data-start=\"347\" data-end=\"831\">A previs\u00e3o do tempo para os pr\u00f3ximos dias no Cear\u00e1 indica diminui\u00e7\u00e3o gradual da nebulosidade e dos grandes acumulados de chuva entre esta sexta-feira (06) e o s\u00e1bado (07), segundo a Funda\u00e7\u00e3o Cearense de Meteorologia e Recursos H\u00eddricos (Funceme). Apesar da redu\u00e7\u00e3o, ainda h\u00e1 possibilidade de precipita\u00e7\u00f5es, principalmente na faixa litor\u00e2nea, no noroeste e no sul do estado. Para o domingo (08), a tend\u00eancia \u00e9 de aumento da nebulosidade e das chuvas em \u00e1reas do centro-norte do estado.<\/p>\n<p data-start=\"833\" data-end=\"1142\">Para esta sexta-feira, a previs\u00e3o aponta c\u00e9u variando de parcialmente nublado a poucas nuvens, com momentos de c\u00e9u claro em algumas regi\u00f5es. H\u00e1 possibilidade de chuvas entre a tarde e a noite no noroeste do estado, especialmente nas \u00e1reas da Ibiapaba, Litoral Norte e no noroeste do Sert\u00e3o Central e Inhamuns.<\/p>\n<p data-start=\"1144\" data-end=\"1265\">No s\u00e1bado, a tend\u00eancia \u00e9 de menor nebulosidade em todo o estado, com chuvas isoladas em \u00e1reas do litoral e do centro-sul.<\/p>\n<p data-start=\"1267\" data-end=\"1510\">J\u00e1 no domingo, a previs\u00e3o indica aumento da nebulosidade e dos acumulados de chuva no centro-norte do Cear\u00e1, abrangendo as macrorregi\u00f5es da Ibiapaba, Litoral Norte, Litoral do Pec\u00e9m, Litoral de Fortaleza e o norte do Sert\u00e3o Central e Inhamuns.<\/p>\n<p data-start=\"1512\" data-end=\"1953\">De acordo com a Funceme, as chuvas previstas est\u00e3o associadas a efeitos locais, como temperatura, umidade, relevo e ao fluxo de ventos de nordeste, que favorecem o transporte de umidade do oceano. A funda\u00e7\u00e3o ressalta ainda que a principal banda de nebulosidade da Zona de Converg\u00eancia Intertropical (ZCIT), principal sistema respons\u00e1vel pelas chuvas durante a quadra chuvosa no Cear\u00e1, encontra-se posicionada entre 0\u00ba e 2\u00ba de latitude norte.<\/p>\n<p data-start=\"1955\" data-end=\"2176\" data-is-last-node=\"\" data-is-only-node=\"\">Em Fortaleza e na Regi\u00e3o Metropolitana, a previs\u00e3o para esta sexta-feira \u00e9 de predom\u00ednio de c\u00e9u com poucas nuvens. Nas pr\u00f3ximas madrugadas e no in\u00edcio das manh\u00e3s, h\u00e1 possibilidade de chuva, principalmente nesses per\u00edodos<\/p>\n","protected":false},"excerpt":{"rendered":"<p>A previs\u00e3o do tempo para os pr\u00f3ximos dias no Cear\u00e1 indica diminui\u00e7\u00e3o gradual da nebulosidade e dos grandes acumulados de chuva entre esta sexta-feira (06) e o s\u00e1bado (07), segundo a Funda\u00e7\u00e3o Cearense de Meteorologia e Recursos H\u00eddricos (Funceme).<\/p>\n","protected":false},"author":4,"featured_media":14812,"comment_status":"closed","ping_status":"open","sticky":false,"template":"","format":"standard","meta":[],"categories":[81,15],"tags":[47,170],"acf":[],"_links":{"self":[{"href":"http:\/\/www.funceme.br\/index.php?rest_route=\/wp\/v2\/posts\/14811"}],"collection":[{"href":"http:\/\/www.funceme.br\/index.php?rest_route=\/wp\/v2\/posts"}],"about":[{"href":"http:\/\/www.funceme.br\/index.php?rest_route=\/wp\/v2\/types\/post"}],"author":[{"embeddable":true,"href":"http:\/\/www.funceme.br\/index.php?rest_route=\/wp\/v2\/users\/4"}],"replies":[{"embeddable":true,"href":"http:\/\/www.funceme.br\/index.php?rest_route=%2Fwp%2Fv2%2Fcomments&post=14811"}],"version-history":[{"count":1,"href":"http:\/\/www.funceme.br\/index.php?rest_route=\/wp\/v2\/posts\/14811\/revisions"}],"predecessor-version":[{"id":14813,"href":"http:\/\/www.funceme.br\/index.php?rest_route=\/wp\/v2\/posts\/14811\/revisions\/14813"}],"wp:featuredmedia":[{"embeddable":true,"href":"http:\/\/www.funceme.br\/index.php?rest_route=\/wp\/v2\/media\/14812"}],"wp:attachment":[{"href":"http:\/\/www.funceme.br\/index.php?rest_route=%2Fwp%2Fv2%2Fmedia&parent=14811"}],"wp:term":[{"taxonomy":"category","embeddable":true,"href":"http:\/\/www.funceme.br\/index.php?rest_route=%2Fwp%2Fv2%2Fcategories&post=14811"},{"taxonomy":"post_tag","embeddable":true,"href":"http:\/\/www.funceme.br\/index.php?rest_route=%2Fwp%2Fv2%2Ftags&post=14811"}],"curies":[{"name":"wp","href":"https:\/\/api.w.org\/{rel}","templated":true}]}}