{"id":14815,"date":"2026-03-11T18:43:13","date_gmt":"2026-03-11T21:43:13","guid":{"rendered":"http:\/\/www.funceme.br\/?p=14815"},"modified":"2026-03-11T18:43:13","modified_gmt":"2026-03-11T21:43:13","slug":"chuvas-podem-atingir-litoral-do-ceara-entre-a-madrugada-e-manha-de-quinta-12","status":"publish","type":"post","link":"http:\/\/www.funceme.br\/?p=14815","title":{"rendered":"Chuvas podem atingir litoral do Cear\u00e1 entre a madrugada e manh\u00e3 de quinta (12)"},"content":{"rendered":"<div id=\"attachment_14816\" style=\"width: 748px\" class=\"wp-caption aligncenter\"><img aria-describedby=\"caption-attachment-14816\" decoding=\"async\" loading=\"lazy\" class=\"wp-image-14816 size-full\" src=\"http:\/\/www.funceme.br\/wp-content\/uploads\/2026\/03\/foto-chuva-fortaleza-e1773265363334.jpg\" alt=\"As condi\u00e7\u00f5es atmosf\u00e9ricas devem favorecer a ocorr\u00eancia de chuvas em Fortaleza, que podem ocorrer com maior intensidade em alguns momentos. (FOTO: Reprodu\u00e7\u00e3o)\" width=\"738\" height=\"347\" srcset=\"http:\/\/www.funceme.br\/wp-content\/uploads\/2026\/03\/foto-chuva-fortaleza-e1773265363334.jpg 738w, http:\/\/www.funceme.br\/wp-content\/uploads\/2026\/03\/foto-chuva-fortaleza-e1773265363334-600x282.jpg 600w\" sizes=\"(max-width: 738px) 100vw, 738px\" \/><p id=\"caption-attachment-14816\" class=\"wp-caption-text\"><em>As condi\u00e7\u00f5es atmosf\u00e9ricas devem favorecer a ocorr\u00eancia de chuvas em Fortaleza, que podem ocorrer com maior intensidade em alguns momentos. (FOTO: Reprodu\u00e7\u00e3o)<\/em><\/p><\/div>\n<p style=\"text-align: justify;\" data-start=\"116\" data-end=\"461\">A faixa litor\u00e2nea do Cear\u00e1, incluindo Fortaleza e munic\u00edpios da Regi\u00e3o Metropolitana, deve concentrar as maiores condi\u00e7\u00f5es de chuva entre a madrugada e o in\u00edcio da manh\u00e3 desta quinta-feira (12). A \u00e1rea est\u00e1 sob aviso meteorol\u00f3gico devido \u00e0 possibilidade de precipita\u00e7\u00f5es que podem variar de fracas a moderadas, com momentos de maior intensidade.<\/p>\n<p style=\"text-align: justify;\" data-start=\"1376\" data-end=\"1635\">Para quinta-feira, al\u00e9m do litoral, h\u00e1 previs\u00e3o de precipita\u00e7\u00f5es tamb\u00e9m no Cariri e no centro-sul do Sert\u00e3o Central e Inhamuns, principalmente nas primeiras horas do dia. J\u00e1 no noroeste do estado, as precipita\u00e7\u00f5es devem ocorrer preferencialmente no per\u00edodo da tarde.<\/p>\n<p style=\"text-align: justify;\" data-start=\"1637\" data-end=\"1779\">De acordo com a previs\u00e3o da Funda\u00e7\u00e3o Cearense de Meteorologia e Recursos H\u00eddricos (Funceme), por\u00e9m, a tend\u00eancia na sexta-feira (13) \u00e9 de diminui\u00e7\u00e3o gradual da nebulosidade e dos grandes acumulados de chuva no estado<\/p>\n<p style=\"text-align: justify;\" data-start=\"1781\" data-end=\"2217\" data-is-last-node=\"\" data-is-only-node=\"\">Segundo a Funceme, as chuvas previstas para os pr\u00f3ximos dias est\u00e3o associadas a efeitos locais, como temperatura, umidade, relevo e ao fluxo de ventos de nordeste, que favorecem a entrada de umidade vinda do oceano. Al\u00e9m disso, a Zona de Converg\u00eancia Intertropical (ZCIT), principal sistema respons\u00e1vel pelas chuvas durante a quadra chuvosa no Cear\u00e1, permanece com sua principal faixa de nebulosidade posicionada pr\u00f3xima \u00e0 linha de 1\u00b0S.<\/p>\n","protected":false},"excerpt":{"rendered":"<p>A faixa litor\u00e2nea do Cear\u00e1, incluindo Fortaleza e munic\u00edpios da Regi\u00e3o Metropolitana, deve concentrar as maiores condi\u00e7\u00f5es de chuva entre a madrugada e o in\u00edcio da manh\u00e3 desta quinta-feira (12). A \u00e1rea est\u00e1 sob aviso meteorol\u00f3gico devido \u00e0 possibilidade de precipita\u00e7\u00f5es que podem variar de fracas a moderadas, com momentos de maior intensidade.<\/p>\n","protected":false},"author":4,"featured_media":14816,"comment_status":"closed","ping_status":"open","sticky":false,"template":"","format":"standard","meta":[],"categories":[81,15],"tags":[622,47,49],"acf":[],"_links":{"self":[{"href":"http:\/\/www.funceme.br\/index.php?rest_route=\/wp\/v2\/posts\/14815"}],"collection":[{"href":"http:\/\/www.funceme.br\/index.php?rest_route=\/wp\/v2\/posts"}],"about":[{"href":"http:\/\/www.funceme.br\/index.php?rest_route=\/wp\/v2\/types\/post"}],"author":[{"embeddable":true,"href":"http:\/\/www.funceme.br\/index.php?rest_route=\/wp\/v2\/users\/4"}],"replies":[{"embeddable":true,"href":"http:\/\/www.funceme.br\/index.php?rest_route=%2Fwp%2Fv2%2Fcomments&post=14815"}],"version-history":[{"count":1,"href":"http:\/\/www.funceme.br\/index.php?rest_route=\/wp\/v2\/posts\/14815\/revisions"}],"predecessor-version":[{"id":14817,"href":"http:\/\/www.funceme.br\/index.php?rest_route=\/wp\/v2\/posts\/14815\/revisions\/14817"}],"wp:featuredmedia":[{"embeddable":true,"href":"http:\/\/www.funceme.br\/index.php?rest_route=\/wp\/v2\/media\/14816"}],"wp:attachment":[{"href":"http:\/\/www.funceme.br\/index.php?rest_route=%2Fwp%2Fv2%2Fmedia&parent=14815"}],"wp:term":[{"taxonomy":"category","embeddable":true,"href":"http:\/\/www.funceme.br\/index.php?rest_route=%2Fwp%2Fv2%2Fcategories&post=14815"},{"taxonomy":"post_tag","embeddable":true,"href":"http:\/\/www.funceme.br\/index.php?rest_route=%2Fwp%2Fv2%2Ftags&post=14815"}],"curies":[{"name":"wp","href":"https:\/\/api.w.org\/{rel}","templated":true}]}}