{"id":14819,"date":"2026-03-12T12:57:20","date_gmt":"2026-03-12T15:57:20","guid":{"rendered":"http:\/\/www.funceme.br\/?p=14819"},"modified":"2026-03-12T12:57:20","modified_gmt":"2026-03-12T15:57:20","slug":"chuvas-devem-ocorrer-de-forma-isolada-no-ceara-ate-sabado-14-aponta-funceme","status":"publish","type":"post","link":"http:\/\/www.funceme.br\/?p=14819","title":{"rendered":"Chuvas devem ocorrer de forma isolada no Cear\u00e1 at\u00e9 s\u00e1bado (14), aponta Funceme"},"content":{"rendered":"<div id=\"attachment_14820\" style=\"width: 760px\" class=\"wp-caption aligncenter\"><img aria-describedby=\"caption-attachment-14820\" decoding=\"async\" loading=\"lazy\" class=\"wp-image-14820\" src=\"http:\/\/www.funceme.br\/wp-content\/uploads\/2026\/03\/pexels-ninosouza-5903152-600x445.jpg\" alt=\"Para as madrugadas e in\u00edcio das manh\u00e3s de sexta-feira (13) e s\u00e1bado (14), h\u00e1 possibilidade de chuvas isoladas e de fraca intensidade. (FOTO: Reprodu\u00e7\u00e3o\/Pexels)\" width=\"750\" height=\"556\" srcset=\"http:\/\/www.funceme.br\/wp-content\/uploads\/2026\/03\/pexels-ninosouza-5903152-600x445.jpg 600w, http:\/\/www.funceme.br\/wp-content\/uploads\/2026\/03\/pexels-ninosouza-5903152-1200x890.jpg 1200w, http:\/\/www.funceme.br\/wp-content\/uploads\/2026\/03\/pexels-ninosouza-5903152-768x569.jpg 768w, http:\/\/www.funceme.br\/wp-content\/uploads\/2026\/03\/pexels-ninosouza-5903152.jpg 1280w\" sizes=\"(max-width: 750px) 100vw, 750px\" \/><p id=\"caption-attachment-14820\" class=\"wp-caption-text\"><em>Para as madrugadas e in\u00edcio das manh\u00e3s de sexta-feira (13) e s\u00e1bado (14), h\u00e1 possibilidade de chuvas isoladas e de fraca intensidade. (FOTO: Reprodu\u00e7\u00e3o\/Pexels)<\/em><\/p><\/div>\n<p data-start=\"79\" data-end=\"464\">A previs\u00e3o do tempo da Funda\u00e7\u00e3o Cearense de Meteorologia e Recursos H\u00eddricos (Funceme) indica maior estabilidade atmosf\u00e9rica no Cear\u00e1 entre esta quinta-feira (12) e o pr\u00f3ximo s\u00e1bado (14). Apesar da redu\u00e7\u00e3o na nebulosidade ao longo dos per\u00edodos, ainda h\u00e1 possibilidade de chuvas isoladas em diferentes macrorregi\u00f5es do estado, concentradas principalmente em hor\u00e1rios espec\u00edficos do dia.<\/p>\n<p data-start=\"466\" data-end=\"839\">De acordo com a Funceme, a maior abrang\u00eancia de precipita\u00e7\u00f5es deve ocorrer nesta quinta-feira (12), especialmente em \u00e1reas do noroeste e do centro do estado, como nas regi\u00f5es da Ibiapaba, Litoral Norte e noroeste do Sert\u00e3o Central e Inhamuns. J\u00e1 durante a noite, as chuvas tendem a se concentrar mais ao sul, atingindo \u00e1reas do Cariri e do sul do Sert\u00e3o Central e Inhamuns.<\/p>\n<p data-start=\"841\" data-end=\"1188\">Para a sexta-feira (13), o per\u00edodo mais favor\u00e1vel \u00e0 ocorr\u00eancia de chuvas ser\u00e1 entre a madrugada e a manh\u00e3, com destaque para o sul do Cear\u00e1, onde podem ocorrer precipita\u00e7\u00f5es de intensidade moderada a forte em alguns momentos. No restante do dia, a tend\u00eancia \u00e9 de diminui\u00e7\u00e3o da nebulosidade, com registros de chuvas isoladas e de fraca intensidade.<\/p>\n<p data-start=\"1190\" data-end=\"1398\">No s\u00e1bado (14), ainda h\u00e1 possibilidade de precipita\u00e7\u00f5es durante a madrugada e a manh\u00e3 no sul do estado. J\u00e1 nos per\u00edodos da tarde e da noite, as chuvas podem ocorrer em \u00e1reas do oeste e do centro-sul do Cear\u00e1.<\/p>\n<p data-start=\"1400\" data-end=\"1781\">Segundo a Funceme, as precipita\u00e7\u00f5es previstas para os pr\u00f3ximos dias est\u00e3o associadas principalmente a efeitos locais, como temperatura, umidade e relevo. Al\u00e9m disso, a principal banda de nebulosidade da Zona de Converg\u00eancia Intertropical (ZCIT), principal sistema meteorol\u00f3gico respons\u00e1vel pelas chuvas durante a quadra chuvosa no estado, encontra-se posicionada em torno de 1\u00b0S.<\/p>\n<h3 data-section-id=\"1swnpu3\" data-start=\"1783\" data-end=\"1819\">Fortaleza e Regi\u00e3o Metropolitana<\/h3>\n<p data-start=\"1821\" data-end=\"2121\">Em Fortaleza e na Regi\u00e3o Metropolitana, a previs\u00e3o para o restante desta quinta-feira (12) \u00e9 de c\u00e9u parcialmente nublado pela manh\u00e3, com chuvas isoladas de fraca intensidade. Durante a tarde, o c\u00e9u deve ficar praticamente sem nuvens, enquanto \u00e0 noite a condi\u00e7\u00e3o varia entre poucas nuvens e c\u00e9u limpo.<\/p>\n<p data-start=\"2123\" data-end=\"2256\">Para as madrugadas e in\u00edcio das manh\u00e3s de sexta-feira (13) e s\u00e1bado (14), h\u00e1 possibilidade de chuvas isoladas e de fraca intensidade.<\/p>\n<p data-start=\"2258\" data-end=\"2347\" data-is-last-node=\"\" data-is-only-node=\"\">Mais detalhes sobre a previs\u00e3o por turnos podem ser consultados no site tempo.funceme.br.<\/p>\n","protected":false},"excerpt":{"rendered":"<p>A previs\u00e3o do tempo da Funda\u00e7\u00e3o Cearense de Meteorologia e Recursos H\u00eddricos (Funceme) indica maior estabilidade atmosf\u00e9rica no Cear\u00e1 entre esta quinta-feira (12) e o pr\u00f3ximo s\u00e1bado (14). <\/p>\n","protected":false},"author":4,"featured_media":14820,"comment_status":"closed","ping_status":"open","sticky":false,"template":"","format":"standard","meta":[],"categories":[81,15],"tags":[57,47,644,49,143],"acf":[],"_links":{"self":[{"href":"http:\/\/www.funceme.br\/index.php?rest_route=\/wp\/v2\/posts\/14819"}],"collection":[{"href":"http:\/\/www.funceme.br\/index.php?rest_route=\/wp\/v2\/posts"}],"about":[{"href":"http:\/\/www.funceme.br\/index.php?rest_route=\/wp\/v2\/types\/post"}],"author":[{"embeddable":true,"href":"http:\/\/www.funceme.br\/index.php?rest_route=\/wp\/v2\/users\/4"}],"replies":[{"embeddable":true,"href":"http:\/\/www.funceme.br\/index.php?rest_route=%2Fwp%2Fv2%2Fcomments&post=14819"}],"version-history":[{"count":1,"href":"http:\/\/www.funceme.br\/index.php?rest_route=\/wp\/v2\/posts\/14819\/revisions"}],"predecessor-version":[{"id":14821,"href":"http:\/\/www.funceme.br\/index.php?rest_route=\/wp\/v2\/posts\/14819\/revisions\/14821"}],"wp:featuredmedia":[{"embeddable":true,"href":"http:\/\/www.funceme.br\/index.php?rest_route=\/wp\/v2\/media\/14820"}],"wp:attachment":[{"href":"http:\/\/www.funceme.br\/index.php?rest_route=%2Fwp%2Fv2%2Fmedia&parent=14819"}],"wp:term":[{"taxonomy":"category","embeddable":true,"href":"http:\/\/www.funceme.br\/index.php?rest_route=%2Fwp%2Fv2%2Fcategories&post=14819"},{"taxonomy":"post_tag","embeddable":true,"href":"http:\/\/www.funceme.br\/index.php?rest_route=%2Fwp%2Fv2%2Ftags&post=14819"}],"curies":[{"name":"wp","href":"https:\/\/api.w.org\/{rel}","templated":true}]}}