{"id":14834,"date":"2026-03-13T16:20:51","date_gmt":"2026-03-13T19:20:51","guid":{"rendered":"http:\/\/www.funceme.br\/?p=14834"},"modified":"2026-03-13T16:20:51","modified_gmt":"2026-03-13T19:20:51","slug":"estabilidade-atmosferica-deve-predominar-no-ceara-ate-domingo-15-aponta-previsao","status":"publish","type":"post","link":"http:\/\/www.funceme.br\/?p=14834","title":{"rendered":"Estabilidade atmosf\u00e9rica deve predominar no Cear\u00e1 at\u00e9 domingo (15), aponta previs\u00e3o"},"content":{"rendered":"<div id=\"attachment_14835\" style=\"width: 760px\" class=\"wp-caption aligncenter\"><img aria-describedby=\"caption-attachment-14835\" decoding=\"async\" loading=\"lazy\" class=\"wp-image-14835\" src=\"http:\/\/www.funceme.br\/wp-content\/uploads\/2026\/03\/WhatsApp-Image-2026-03-13-at-11.38.46-600x450.jpeg\" alt=\"Para o domingo (15), a tend\u00eancia \u00e9 de diminui\u00e7\u00e3o ainda maior da nebulosidade e dos aucmulados de precipita\u00e7\u00e3o (FOTO: Marciel Bezerra)\" width=\"750\" height=\"563\" srcset=\"http:\/\/www.funceme.br\/wp-content\/uploads\/2026\/03\/WhatsApp-Image-2026-03-13-at-11.38.46-600x450.jpeg 600w, http:\/\/www.funceme.br\/wp-content\/uploads\/2026\/03\/WhatsApp-Image-2026-03-13-at-11.38.46-1200x900.jpeg 1200w, http:\/\/www.funceme.br\/wp-content\/uploads\/2026\/03\/WhatsApp-Image-2026-03-13-at-11.38.46-768x576.jpeg 768w, http:\/\/www.funceme.br\/wp-content\/uploads\/2026\/03\/WhatsApp-Image-2026-03-13-at-11.38.46.jpeg 1280w\" sizes=\"(max-width: 750px) 100vw, 750px\" \/><p id=\"caption-attachment-14835\" class=\"wp-caption-text\"><em>Para o domingo (15), a tend\u00eancia \u00e9 de diminui\u00e7\u00e3o ainda maior da nebulosidade e dos aucmulados de precipita\u00e7\u00e3o (FOTO: Marciel Bezerra)<\/em><\/p><\/div>\n<p data-start=\"84\" data-end=\"329\">A previs\u00e3o do tempo indica condi\u00e7\u00e3o de maior estabilidade atmosf\u00e9rica no Cear\u00e1 entre esta sexta-feira (13) e o pr\u00f3ximo domingo (15), com tend\u00eancia de diminui\u00e7\u00e3o gradual da nebulosidade e dos grandes acumulados de chuva em grande parte do estado.<\/p>\n<p data-start=\"331\" data-end=\"755\">De acordo com a an\u00e1lise meteorol\u00f3gica, mesmo com o predom\u00ednio de um cen\u00e1rio mais est\u00e1vel, ainda h\u00e1 possibilidade de chuvas isoladas em algumas regi\u00f5es, principalmente no noroeste e no sul do estado. As precipita\u00e7\u00f5es previstas devem apresentar intensidade variando de fraca a moderada, podendo ocorrer epis\u00f3dios pontuais mais intensos e com trovoadas isoladas, especialmente em \u00e1reas do Cariri, noroeste e regi\u00e3o Jaguaribana.<\/p>\n<p data-start=\"757\" data-end=\"1155\">Para esta sexta-feira (13), a previs\u00e3o aponta c\u00e9u variando de parcialmente nublado a poucas nuvens, com momentos de c\u00e9u claro em algumas regi\u00f5es do estado. H\u00e1 possibilidade de chuvas entre a tarde e a noite no noroeste do Cear\u00e1, especialmente nas \u00e1reas da Ibiapaba, Litoral Norte e noroeste do Sert\u00e3o Central e Inhamuns, al\u00e9m do sul do estado, com destaque para o Cariri, e tamb\u00e9m na Jaguaribana.<\/p>\n<p data-start=\"1157\" data-end=\"1547\">No s\u00e1bado (14), o cen\u00e1rio segue com predomin\u00e2ncia de c\u00e9u variando de parcialmente nublado a momentos de c\u00e9u aberto. H\u00e1 previs\u00e3o de chuvas no Litoral de Fortaleza, Litoral do Pec\u00e9m, Cariri e centro-sul do Sert\u00e3o Central e Inhamuns, principalmente durante a madrugada e in\u00edcio da manh\u00e3. J\u00e1 nas \u00e1reas do noroeste do estado, as precipita\u00e7\u00f5es devem ocorrer preferencialmente no per\u00edodo da tarde.<\/p>\n<p data-start=\"1549\" data-end=\"1772\">Para o domingo (15), a tend\u00eancia \u00e9 de diminui\u00e7\u00e3o ainda maior da nebulosidade e dos volumes de precipita\u00e7\u00e3o, especialmente nas \u00e1reas do centro-norte do estado, mantendo-se apenas chuvas mais isoladas no Cariri e no noroeste.<\/p>\n<p data-start=\"1774\" data-end=\"2013\">A chuvas previstas para os pr\u00f3ximos dias est\u00e3o associadas principalmente a fatores locais, como temperatura, umidade, relevo e o fluxo de ventos de nordeste, que transportam umidade do oceano para o continente.<\/p>\n<p data-start=\"2015\" data-end=\"2232\" data-is-last-node=\"\" data-is-only-node=\"\">A principal faixa de nebulosidade da Zona de Converg\u00eancia Intertropical (ZCIT), principal sistema indutor de chuvas durante a quadra chuvosa no Cear\u00e1, encontra-se atualmente posicionada em torno de 1\u00b0 de latitude Sul.<\/p>\n","protected":false},"excerpt":{"rendered":"<p>A previs\u00e3o do tempo indica condi\u00e7\u00e3o de maior estabilidade atmosf\u00e9rica no Cear\u00e1 entre esta sexta-feira (13) e o pr\u00f3ximo domingo (15), com tend\u00eancia de diminui\u00e7\u00e3o gradual da nebulosidade e dos grandes acumulados de chuva em grande parte do estado.<\/p>\n","protected":false},"author":4,"featured_media":14835,"comment_status":"closed","ping_status":"open","sticky":false,"template":"","format":"standard","meta":[],"categories":[81,15],"tags":[66,170],"acf":[],"_links":{"self":[{"href":"http:\/\/www.funceme.br\/index.php?rest_route=\/wp\/v2\/posts\/14834"}],"collection":[{"href":"http:\/\/www.funceme.br\/index.php?rest_route=\/wp\/v2\/posts"}],"about":[{"href":"http:\/\/www.funceme.br\/index.php?rest_route=\/wp\/v2\/types\/post"}],"author":[{"embeddable":true,"href":"http:\/\/www.funceme.br\/index.php?rest_route=\/wp\/v2\/users\/4"}],"replies":[{"embeddable":true,"href":"http:\/\/www.funceme.br\/index.php?rest_route=%2Fwp%2Fv2%2Fcomments&post=14834"}],"version-history":[{"count":1,"href":"http:\/\/www.funceme.br\/index.php?rest_route=\/wp\/v2\/posts\/14834\/revisions"}],"predecessor-version":[{"id":14836,"href":"http:\/\/www.funceme.br\/index.php?rest_route=\/wp\/v2\/posts\/14834\/revisions\/14836"}],"wp:featuredmedia":[{"embeddable":true,"href":"http:\/\/www.funceme.br\/index.php?rest_route=\/wp\/v2\/media\/14835"}],"wp:attachment":[{"href":"http:\/\/www.funceme.br\/index.php?rest_route=%2Fwp%2Fv2%2Fmedia&parent=14834"}],"wp:term":[{"taxonomy":"category","embeddable":true,"href":"http:\/\/www.funceme.br\/index.php?rest_route=%2Fwp%2Fv2%2Fcategories&post=14834"},{"taxonomy":"post_tag","embeddable":true,"href":"http:\/\/www.funceme.br\/index.php?rest_route=%2Fwp%2Fv2%2Ftags&post=14834"}],"curies":[{"name":"wp","href":"https:\/\/api.w.org\/{rel}","templated":true}]}}