{"id":14953,"date":"2026-04-27T09:07:36","date_gmt":"2026-04-27T12:07:36","guid":{"rendered":"http:\/\/www.funceme.br\/?p=14953"},"modified":"2026-04-27T10:07:46","modified_gmt":"2026-04-27T13:07:46","slug":"proximidade-da-zcit-deve-manter-ceu-nublado-e-favorecer-chuvas-no-ceara-ate-quarta-feira-29","status":"publish","type":"post","link":"http:\/\/www.funceme.br\/?p=14953","title":{"rendered":"Proximidade da ZCIT deve manter c\u00e9u nublado e favorecer chuvas no Cear\u00e1 at\u00e9 quarta-feira (29)"},"content":{"rendered":"<div id=\"attachment_14954\" style=\"width: 760px\" class=\"wp-caption aligncenter\"><img aria-describedby=\"caption-attachment-14954\" decoding=\"async\" loading=\"lazy\" class=\"wp-image-14954\" src=\"http:\/\/www.funceme.br\/wp-content\/uploads\/2026\/04\/WhatsApp-Image-2026-04-27-at-09.57.52.jpeg\" alt=\"Segundo a Funceme, as chuvas est\u00e3o associadas a fatores locais como brisas, temperatura, relevo e alta umidade, al\u00e9m do fluxo de ventos de leste e nordeste ligado \u00e0 ZCIT (FOTO: Marciel Bezerra)\" width=\"750\" height=\"563\" srcset=\"http:\/\/www.funceme.br\/wp-content\/uploads\/2026\/04\/WhatsApp-Image-2026-04-27-at-09.57.52.jpeg 1600w, http:\/\/www.funceme.br\/wp-content\/uploads\/2026\/04\/WhatsApp-Image-2026-04-27-at-09.57.52-600x450.jpeg 600w, http:\/\/www.funceme.br\/wp-content\/uploads\/2026\/04\/WhatsApp-Image-2026-04-27-at-09.57.52-1200x900.jpeg 1200w, http:\/\/www.funceme.br\/wp-content\/uploads\/2026\/04\/WhatsApp-Image-2026-04-27-at-09.57.52-768x576.jpeg 768w, http:\/\/www.funceme.br\/wp-content\/uploads\/2026\/04\/WhatsApp-Image-2026-04-27-at-09.57.52-1536x1152.jpeg 1536w\" sizes=\"(max-width: 750px) 100vw, 750px\" \/><p id=\"caption-attachment-14954\" class=\"wp-caption-text\"><em>Segundo a Funceme, as chuvas est\u00e3o associadas a fatores locais como brisas, temperatura, relevo e alta umidade, al\u00e9m do fluxo de ventos de leste e nordeste ligado \u00e0 ZCIT (FOTO: Marciel Bezerra)<\/em><\/p><\/div>\n<p style=\"text-align: justify;\">A atua\u00e7\u00e3o da Zona de Converg\u00eancia Intertropical (ZCIT) deve colaborar para c\u00e9u mais encoberto e o tempo inst\u00e1vel e com chuvas em diversas regi\u00f5es do estado at\u00e9 a pr\u00f3xima quarta-feira (29).<\/p>\n<p style=\"text-align: justify;\">Nesta segunda-feira (27), a tend\u00eancia \u00e9 de predom\u00ednio de c\u00e9u nublado, especialmente no centro-norte do estado. As chuvas dever\u00e3o se concentrar pela manh\u00e3 ainda entre os litorais de Fortaleza e do Pec\u00e9m. J\u00e1 pela tarde, os registros dever\u00e3o ocorrer no Litoral Norte, Maci\u00e7o de Baturit\u00e9, Ibiapaba e norte do Sert\u00e3o Central e Inhamuns.<\/p>\n<p style=\"text-align: justify;\">Para ter\u00e7a-feira (28) e quarta-feira (29), a previs\u00e3o aponta manuten\u00e7\u00e3o de c\u00e9u variando de nublado a parcialmente nublado, com registros de precipita\u00e7\u00f5es em todas as macrorregi\u00f5es do Cear\u00e1.<\/p>\n<p style=\"text-align: justify;\">Os acumulados devem ocorrer preferencialmente entre a madrugada e manh\u00e3 no litoral e \u00e1reas adjacentes, avan\u00e7ando \u00e0 tarde para o noroeste e centro do estado e, \u00e0 noite, para regi\u00f5es do leste e sul, incluindo Jaguaribana, Cariri, Maci\u00e7o de Baturit\u00e9 e sul do Sert\u00e3o Central e Inhamuns.<\/p>\n<p style=\"text-align: justify;\">Segundo a Funda\u00e7\u00e3o Cearense de Meteorologia e Recursos H\u00eddricos (Funceme), as chuvas est\u00e3o associadas a fatores locais como brisas, temperatura, relevo e alta umidade, al\u00e9m do fluxo de ventos de leste e nordeste ligado \u00e0 ZCIT, que intensifica o transporte de umidade do oceano para o continente.<\/p>\n<p style=\"text-align: justify;\"><strong>Fortaleza e Regi\u00e3o Metropolitana<\/strong><\/p>\n<p style=\"text-align: justify;\">Na capital e na Regi\u00e3o Metropolitana de Fortaleza (RMF), a tend\u00eancia entre segunda (27) e quarta-feira (29) \u00e9 de c\u00e9u nublado a parcialmente nublado, com chuvas concentradas principalmente durante a madrugada e manh\u00e3.<\/p>\n<p>Os maiores acumulados e eventos mais intensos devem ocorrer nos munic\u00edpios mais pr\u00f3ximos do litoral, com precipita\u00e7\u00f5es moderadas e, em alguns momentos, fortes.<\/p>\n","protected":false},"excerpt":{"rendered":"<p>A atua\u00e7\u00e3o da Zona de Converg\u00eancia Intertropical (ZCIT) deve colaborar para c\u00e9u mais encoberto e o tempo inst\u00e1vel e com chuvas em diversas regi\u00f5es do estado at\u00e9 a pr\u00f3xima quarta-feira (29).<\/p>\n","protected":false},"author":4,"featured_media":14954,"comment_status":"closed","ping_status":"open","sticky":false,"template":"","format":"standard","meta":[],"categories":[81,15],"tags":[],"acf":[],"_links":{"self":[{"href":"http:\/\/www.funceme.br\/index.php?rest_route=\/wp\/v2\/posts\/14953"}],"collection":[{"href":"http:\/\/www.funceme.br\/index.php?rest_route=\/wp\/v2\/posts"}],"about":[{"href":"http:\/\/www.funceme.br\/index.php?rest_route=\/wp\/v2\/types\/post"}],"author":[{"embeddable":true,"href":"http:\/\/www.funceme.br\/index.php?rest_route=\/wp\/v2\/users\/4"}],"replies":[{"embeddable":true,"href":"http:\/\/www.funceme.br\/index.php?rest_route=%2Fwp%2Fv2%2Fcomments&post=14953"}],"version-history":[{"count":2,"href":"http:\/\/www.funceme.br\/index.php?rest_route=\/wp\/v2\/posts\/14953\/revisions"}],"predecessor-version":[{"id":14956,"href":"http:\/\/www.funceme.br\/index.php?rest_route=\/wp\/v2\/posts\/14953\/revisions\/14956"}],"wp:featuredmedia":[{"embeddable":true,"href":"http:\/\/www.funceme.br\/index.php?rest_route=\/wp\/v2\/media\/14954"}],"wp:attachment":[{"href":"http:\/\/www.funceme.br\/index.php?rest_route=%2Fwp%2Fv2%2Fmedia&parent=14953"}],"wp:term":[{"taxonomy":"category","embeddable":true,"href":"http:\/\/www.funceme.br\/index.php?rest_route=%2Fwp%2Fv2%2Fcategories&post=14953"},{"taxonomy":"post_tag","embeddable":true,"href":"http:\/\/www.funceme.br\/index.php?rest_route=%2Fwp%2Fv2%2Ftags&post=14953"}],"curies":[{"name":"wp","href":"https:\/\/api.w.org\/{rel}","templated":true}]}}