{"id":14959,"date":"2026-04-30T11:34:02","date_gmt":"2026-04-30T14:34:02","guid":{"rendered":"http:\/\/www.funceme.br\/?p=14959"},"modified":"2026-04-30T11:34:02","modified_gmt":"2026-04-30T14:34:02","slug":"previsao-do-tempo-indica-quinta-30-mais-estavel-mas-com-condicoes-favoraveis-a-chuva-no-inicio-de-maio","status":"publish","type":"post","link":"http:\/\/www.funceme.br\/?p=14959","title":{"rendered":"Previs\u00e3o do tempo indica quinta (30) mais est\u00e1vel, mas com condi\u00e7\u00f5es favor\u00e1veis \u00e0 chuva no in\u00edcio de maio"},"content":{"rendered":"<div id=\"attachment_14960\" style=\"width: 761px\" class=\"wp-caption aligncenter\"><img aria-describedby=\"caption-attachment-14960\" decoding=\"async\" loading=\"lazy\" class=\"wp-image-14960\" src=\"http:\/\/www.funceme.br\/wp-content\/uploads\/2026\/04\/WhatsApp-Image-2026-04-30-at-11.29.37.jpeg\" alt=\"As precipita\u00e7\u00f5es previstas est\u00e3o relacionadas a uma combina\u00e7\u00e3o de fatores atmosf\u00e9ricos feitos locais como temperatura, umidade, relevo e ventos que favorecem a forma\u00e7\u00e3o de nuvens de chuva em determinadas \u00e1reas (FOTO: Marciel Bezerra)\" width=\"751\" height=\"563\" srcset=\"http:\/\/www.funceme.br\/wp-content\/uploads\/2026\/04\/WhatsApp-Image-2026-04-30-at-11.29.37.jpeg 1280w, http:\/\/www.funceme.br\/wp-content\/uploads\/2026\/04\/WhatsApp-Image-2026-04-30-at-11.29.37-600x450.jpeg 600w, http:\/\/www.funceme.br\/wp-content\/uploads\/2026\/04\/WhatsApp-Image-2026-04-30-at-11.29.37-1200x900.jpeg 1200w, http:\/\/www.funceme.br\/wp-content\/uploads\/2026\/04\/WhatsApp-Image-2026-04-30-at-11.29.37-768x576.jpeg 768w\" sizes=\"(max-width: 751px) 100vw, 751px\" \/><p id=\"caption-attachment-14960\" class=\"wp-caption-text\"><em>As precipita\u00e7\u00f5es previstas est\u00e3o relacionadas a uma combina\u00e7\u00e3o de fatores atmosf\u00e9ricos feitos locais como temperatura, umidade, relevo e ventos que favorecem a forma\u00e7\u00e3o de nuvens de chuva em determinadas \u00e1reas (FOTO: Marciel Bezerra)<\/em><\/p><\/div>\n<p>A quinta-feira (30) come\u00e7ou com tempo mais est\u00e1vel no Cear\u00e1, conforme cen\u00e1rio j\u00e1 adiantado pela Funda\u00e7\u00e3o Cearense de Meteorologia e Recursos H\u00eddricos (Funceme). A tend\u00eancia ao longo do dia \u00e9 de predom\u00ednio de tempo firme, ou seja, com pouca ou nenhuma chuva na maior parte do estado. Mesmo assim, entre a tarde e a noite, podem ocorrer chuvas isoladas, principalmente nas regi\u00f5es da Jaguaribana, Maci\u00e7o de Baturit\u00e9 e no Litoral de Fortaleza.<\/p>\n<p>Para a sexta-feira (1\u00ba), o cen\u00e1rio deve mudar. A previs\u00e3o indica aumento da instabilidade, com c\u00e9u mais encoberto e ocorr\u00eancia de precipita\u00e7\u00f5es que podem variar de moderadas a fortes, especialmente durante a madrugada e manh\u00e3 nas \u00e1reas litor\u00e2neas, no Maci\u00e7o de Baturit\u00e9 e no norte da Jaguaribana.<\/p>\n<p>\u00c0 tarde, o tempo deve seguir carregado em todo o estado, com c\u00e9u entre parcialmente nublado, al\u00e9m de mais chuvas, tamb\u00e9m com intensidade de moderada a forte. J\u00e1 \u00e0 noite, as precipita\u00e7\u00f5es devem se concentrar mais no centro-sul, atingindo regi\u00f5es como Cariri, Sert\u00e3o Central e Inhamuns. S\u00e3o espearados registros tamb\u00e9m na Ibiapaba e do Litoral Norte. Em Fortaleza, ainda h\u00e1 possibilidade de chuvas isoladas.<\/p>\n<p>No s\u00e1bado (2), o padr\u00e3o de instabilidade pode continuar. Durante a madrugada e manh\u00e3, as precipita\u00e7\u00f5es tendem a se concentrar na faixa litor\u00e2nea e no centro-sul. \u00c0 tarde, podem ocorrer em todas as regi\u00f5es, enquanto \u00e0 noite voltam a se concentrar no centro-sul, Ibiapaba e litoral.<\/p>\n<p><strong>Sobre o cen\u00e1rio<\/strong><\/p>\n<p>De acordo com a Funceme, as precipita\u00e7\u00f5es previstas est\u00e3o relacionadas a uma combina\u00e7\u00e3o de fatores atmosf\u00e9ricos feitos locais como temperatura, umidade, relevo e ventos que favorecem a forma\u00e7\u00e3o de nuvens de chuva em determinadas \u00e1reas, al\u00e9m dos ventos que sopram do mar para o continente, ajudando a transportar umidade e formar nuvens.<\/p>\n<p>Fortaleza e Regi\u00e3o Metropolitana<\/p>\n<p>Em Fortaleza e na Regi\u00e3o Metropolitana, a quinta-feira deve ter c\u00e9u variando entre parcialmente nublado e com poucas nuvens durante o dia. No fim da tarde e \u00e0 noite, h\u00e1 aumento da nebulosidade e possibilidade de chuva.<\/p>\n<p>Na sexta-feira, o tempo fica mais inst\u00e1vel, com c\u00e9u nublado e chuvas de intensidade moderada a forte pela manh\u00e3. \u00c0 tarde, a tend\u00eancia \u00e9 de continuidade das precipita\u00e7\u00f5es, mas com menor intensidade. \u00c0 noite, podem ocorrer chuvas isoladas.<\/p>\n<p>J\u00e1 no s\u00e1bado, o c\u00e9u permanece mais fechado, principalmente entre a madrugada e manh\u00e3, com ocorr\u00eancia de chuvas. Nos demais per\u00edodos, ainda h\u00e1 possibilidade de pancadas isoladas.<\/p>\n<p>Para detalhes mais espec\u00edficos por hor\u00e1rio e munic\u00edpio, a recomenda\u00e7\u00e3o \u00e9 acompanhar a previs\u00e3o completa no site da Funceme: tempo.funceme.br<\/p>\n","protected":false},"excerpt":{"rendered":"<p>A quinta-feira (30) come\u00e7ou com tempo mais est\u00e1vel no Cear\u00e1, conforme cen\u00e1rio j\u00e1 adiantado pela Funda\u00e7\u00e3o Cearense de Meteorologia e Recursos H\u00eddricos (Funceme). A tend\u00eancia ao longo do dia \u00e9 de predom\u00ednio de tempo firme, ou seja, com pouca ou nenhuma chuva na maior parte do estado. Mesmo assim, entre a tarde e a noite, [&hellip;]<\/p>\n","protected":false},"author":4,"featured_media":14960,"comment_status":"closed","ping_status":"open","sticky":false,"template":"","format":"standard","meta":[],"categories":[81,15],"tags":[],"acf":[],"_links":{"self":[{"href":"http:\/\/www.funceme.br\/index.php?rest_route=\/wp\/v2\/posts\/14959"}],"collection":[{"href":"http:\/\/www.funceme.br\/index.php?rest_route=\/wp\/v2\/posts"}],"about":[{"href":"http:\/\/www.funceme.br\/index.php?rest_route=\/wp\/v2\/types\/post"}],"author":[{"embeddable":true,"href":"http:\/\/www.funceme.br\/index.php?rest_route=\/wp\/v2\/users\/4"}],"replies":[{"embeddable":true,"href":"http:\/\/www.funceme.br\/index.php?rest_route=%2Fwp%2Fv2%2Fcomments&post=14959"}],"version-history":[{"count":1,"href":"http:\/\/www.funceme.br\/index.php?rest_route=\/wp\/v2\/posts\/14959\/revisions"}],"predecessor-version":[{"id":14961,"href":"http:\/\/www.funceme.br\/index.php?rest_route=\/wp\/v2\/posts\/14959\/revisions\/14961"}],"wp:featuredmedia":[{"embeddable":true,"href":"http:\/\/www.funceme.br\/index.php?rest_route=\/wp\/v2\/media\/14960"}],"wp:attachment":[{"href":"http:\/\/www.funceme.br\/index.php?rest_route=%2Fwp%2Fv2%2Fmedia&parent=14959"}],"wp:term":[{"taxonomy":"category","embeddable":true,"href":"http:\/\/www.funceme.br\/index.php?rest_route=%2Fwp%2Fv2%2Fcategories&post=14959"},{"taxonomy":"post_tag","embeddable":true,"href":"http:\/\/www.funceme.br\/index.php?rest_route=%2Fwp%2Fv2%2Ftags&post=14959"}],"curies":[{"name":"wp","href":"https:\/\/api.w.org\/{rel}","templated":true}]}}