{"id":1947,"date":"2018-11-20T13:00:26","date_gmt":"2018-11-20T16:00:26","guid":{"rendered":"http:\/\/wp.funceme.br\/?p=1947"},"modified":"2019-02-15T07:59:53","modified_gmt":"2019-02-15T10:59:53","slug":"funceme-participa-da-feira-do-conhecimento-2018","status":"publish","type":"post","link":"http:\/\/www.funceme.br\/?p=1947","title":{"rendered":"Funceme participa da Feira do Conhecimento 2018"},"content":{"rendered":"<div id=\"attachment_1948\" style=\"width: 840px\" class=\"wp-caption aligncenter\"><a href=\"http:\/\/wp.funceme.br\/wp-content\/uploads\/2018\/11\/Hackathon-830x553.jpg\"><img aria-describedby=\"caption-attachment-1948\" decoding=\"async\" loading=\"lazy\" class=\"size-full wp-image-1948\" src=\"http:\/\/wp.funceme.br\/wp-content\/uploads\/2018\/11\/Hackathon-830x553.jpg\" alt=\"Evento contar\u00e1 com programa\u00e7\u00e3o aberta ao p\u00fablico (FOTO: Divulga\u00e7\u00e3o\/Secitece)\" width=\"830\" height=\"553\" srcset=\"http:\/\/www.funceme.br\/wp-content\/uploads\/2018\/11\/Hackathon-830x553.jpg 830w, http:\/\/www.funceme.br\/wp-content\/uploads\/2018\/11\/Hackathon-830x553-600x400.jpg 600w, http:\/\/www.funceme.br\/wp-content\/uploads\/2018\/11\/Hackathon-830x553-768x512.jpg 768w\" sizes=\"(max-width: 830px) 100vw, 830px\" \/><\/a><p id=\"caption-attachment-1948\" class=\"wp-caption-text\">Evento contar\u00e1 com programa\u00e7\u00e3o aberta ao p\u00fablico (FOTO: Divulga\u00e7\u00e3o\/Secitece)<\/p><\/div>\n<p>A Funda\u00e7\u00e3o Cearense de Meteorologia e Recursos H\u00eddricos (Funceme) participar\u00e1 da 2\u00aa edi\u00e7\u00e3o da Feira do Conhecimento \u2013 Ci\u00eancia, Tecnologia, Inova\u00e7\u00e3o e Neg\u00f3cios, que acontecer\u00e1 de 21 a 24 de novembro de 2018, das 9h \u00e0s 20h, no Centro de Eventos do Cear\u00e1 (Pavilh\u00e3o Leste). O evento \u00e9 gratuito.<\/p>\n<p>Durante quatro dias, a feira vai reunir academia, empresas, governo e comunidade para mostrar como a ci\u00eancia e a tecnologia podem ajudar na redu\u00e7\u00e3o das desigualdades. Na ocasi\u00e3o, pesquisadores da Funceme estar\u00e3o presentes em um dos stands da\u00a0<strong>\u00c1rea da Ci\u00eancia<\/strong>.<\/p>\n<p>Os participantes que visitarem o local, poder\u00e3o conversar com os profissionais da Funda\u00e7\u00e3o sobre as publica\u00e7\u00f5es e pesquisas cient\u00edficas desenvolvidas nas \u00e1reas de Meteorologia, Meio Ambiente e Recursos H\u00eddricos.<\/p>\n<p>Ainda no stand da Funceme, os visitantes poder\u00e3o ter acesso a uma\u00a0<strong>Plataforma de Coleta de Dados (PCD)<\/strong>, instrumento autom\u00e1tico que capta informa\u00e7\u00f5es de vari\u00e1veis meteorol\u00f3gicas como precipita\u00e7\u00e3o, temperatura, umidade relativa do ar, entre outros. O \u00f3rg\u00e3o estadual ainda disponibilizar\u00e1 de um\u00a0<strong>disdr\u00f4metro<\/strong>, que \u00e9 um equipamento usado para medir a distribui\u00e7\u00e3o do tamanho da gota de chuva e ter\u00e1 sua funcionalidade mostrada em tempo real durante os quatro dias da Feira do Conhecimento.<\/p>\n<p><strong>PROGRAMA\u00c7\u00c3O<\/strong><\/p>\n<p>Ser\u00e3o mais de 260 expositores apresentando solu\u00e7\u00f5es tecnol\u00f3gicas para melhorar \u00e1reas fundamentais para a sociedade como: sa\u00fade, educa\u00e7\u00e3o, seguran\u00e7a, cidades, agricultura, recursos h\u00eddricos, energias renov\u00e1veis, inclus\u00e3o e diversidade.<\/p>\n<p>A programa\u00e7\u00e3o, totalmente gratuita, contar\u00e1 com palestras, oficinas, demoday, hackaton, campeonato de rob\u00f3tica, corrida de drones, mostra de games, esta\u00e7\u00e3o de jogos anal\u00f3gicos e digitais, sess\u00f5es no planet\u00e1rio m\u00f3vel, dentre outros. A expectativa \u00e9 reunir cerca de 10 mil pessoas, entre jovens empreendedores, empres\u00e1rios, estudantes, professores e pesquisadores, profissionais da \u00e1rea de tecnologia, gestores e comunidade em geral.<\/p>\n<p>Para realizar a inscri\u00e7\u00e3o, basta preencher um formul\u00e1rio no\u00a0<a href=\"http:\/\/feiradoconhecimento.com.br\/\"><strong>site oficial do evento<\/strong><\/a>.<\/p>\n<p>&nbsp;<\/p>\n<h3>Atendimento \u00e0 Imprensa<\/h3>\n<p><strong>Felipe Lima<\/strong><br \/>\nContato: (85) 3101.1099 \/ (85) 9 8727.1557 \/ (85) 9 8814.4194<br \/>\nE-mail:\u00a0\u00a0\u00a0<a href=\"mailto:comunicacao@funceme.br\">comunicacao@funceme.br<\/a><\/p>\n","protected":false},"excerpt":{"rendered":"<p>A Funda\u00e7\u00e3o Cearense de Meteorologia e Recursos H\u00eddricos (Funceme) participar\u00e1 da 2\u00aa edi\u00e7\u00e3o da Feira do Conhecimento \u2013 Ci\u00eancia, Tecnologia, Inova\u00e7\u00e3o e Neg\u00f3cios, que acontecer\u00e1 de 21 a 24 de novembro de 2018, das 9h \u00e0s 20h, no Centro de Eventos do Cear\u00e1 (Pavilh\u00e3o Leste). O evento \u00e9 gratuito. Durante quatro dias, a feira vai [&hellip;]<\/p>\n","protected":false},"author":4,"featured_media":1948,"comment_status":"closed","ping_status":"open","sticky":false,"template":"","format":"standard","meta":[],"categories":[75,15],"tags":[80,76,77,49,79,78],"acf":[],"_links":{"self":[{"href":"http:\/\/www.funceme.br\/index.php?rest_route=\/wp\/v2\/posts\/1947"}],"collection":[{"href":"http:\/\/www.funceme.br\/index.php?rest_route=\/wp\/v2\/posts"}],"about":[{"href":"http:\/\/www.funceme.br\/index.php?rest_route=\/wp\/v2\/types\/post"}],"author":[{"embeddable":true,"href":"http:\/\/www.funceme.br\/index.php?rest_route=\/wp\/v2\/users\/4"}],"replies":[{"embeddable":true,"href":"http:\/\/www.funceme.br\/index.php?rest_route=%2Fwp%2Fv2%2Fcomments&post=1947"}],"version-history":[{"count":1,"href":"http:\/\/www.funceme.br\/index.php?rest_route=\/wp\/v2\/posts\/1947\/revisions"}],"predecessor-version":[{"id":1949,"href":"http:\/\/www.funceme.br\/index.php?rest_route=\/wp\/v2\/posts\/1947\/revisions\/1949"}],"wp:featuredmedia":[{"embeddable":true,"href":"http:\/\/www.funceme.br\/index.php?rest_route=\/wp\/v2\/media\/1948"}],"wp:attachment":[{"href":"http:\/\/www.funceme.br\/index.php?rest_route=%2Fwp%2Fv2%2Fmedia&parent=1947"}],"wp:term":[{"taxonomy":"category","embeddable":true,"href":"http:\/\/www.funceme.br\/index.php?rest_route=%2Fwp%2Fv2%2Fcategories&post=1947"},{"taxonomy":"post_tag","embeddable":true,"href":"http:\/\/www.funceme.br\/index.php?rest_route=%2Fwp%2Fv2%2Ftags&post=1947"}],"curies":[{"name":"wp","href":"https:\/\/api.w.org\/{rel}","templated":true}]}}