{"id":2203,"date":"2018-11-23T12:14:57","date_gmt":"2018-11-23T15:14:57","guid":{"rendered":"http:\/\/wp.funceme.br\/?p=2203"},"modified":"2019-02-15T07:59:38","modified_gmt":"2019-02-15T10:59:38","slug":"chove-em-cerca-de-25-municipios-do-ceara-taua-registra-60-mm","status":"publish","type":"post","link":"http:\/\/www.funceme.br\/?p=2203","title":{"rendered":"Chove em cerca de 25 munic\u00edpios do Cear\u00e1; Tau\u00e1 registra 60 mm"},"content":{"rendered":"<p>Chuvas foram registradas em, pelo menos 29 munic\u00edpios do Cear\u00e1 no intervalo entre as 7h desta quinta-feira (22) e as 7h desta sexta-feira (24), segundo a Funda\u00e7\u00e3o Cearense de Meteorologia e Recursos H\u00eddricos (Funceme).<\/p>\n<p>Na previs\u00e3o realizada ontem, a Unidade de Tempo e Clima da Funceme j\u00e1 havia indicado possibilidade de precipita\u00e7\u00f5es. Conforme o meteorologista Raul Fritz, as chuvas do intervalo de 24 horas deram-se por altera\u00e7\u00f5es atmosf\u00e9ricas pr\u00f3ximo \u00e0 Linha do Equador.<\/p>\n<p>\u201cAs precipita\u00e7\u00f5es que ocorreram no Estado aconteceram devida \u00e0 forma\u00e7\u00e3o de \u00e1reas de instabilidade associadas ao deslocamento tempor\u00e1rio da Zona de Converg\u00eancia Intertropical (ZCIT) em dire\u00e7\u00e3o ao litoral do Cear\u00e1\u201d, explica.<\/p>\n<p>At\u00e9 o momento, o maior registro de chuva foi em Tau\u00e1, munic\u00edpio do Sert\u00e3o Central e Inhamuns, com 60 mil\u00edmetros. A Funceme ainda aponta 57,5 mm em Arneiroz, 53 mm em Catarina e ainda 50 mm em Or\u00f3s, todos na mesma regi\u00e3o. Os dados ainda s\u00e3o parciais e podem ser acompanhados pelo<a href=\"http:\/\/www.funceme.br\/app\/calendario\/produto\/municipios\/maxima\/diario?data=2018-11-23\"><strong>\u00a0Calend\u00e1rio de Chuvas<\/strong><\/a>\u00a0no site da Funceme ou por meio do aplicativo de mesmo nome,\u00a0<a href=\"http:\/\/www.funceme.br\/index.php\/comunicacao\/noticias\/656-ferramenta-com-informa%C3%A7%C3%B5es-meteorol%C3%B3gicas-do-cear%C3%A1-pode-ser-baixada-gratuitamente-em-android-ou-ios\"><strong>dispon\u00edvel gratuitamente para Android e iOS<\/strong><\/a>.<\/p>\n<p>Durante a manh\u00e3 desta sexta, a Rede de Radares mantida pela Funceme continua registrando chuvas, principalmente na por\u00e7\u00e3o oeste do Sert\u00e3o Central. Para hoje, a previs\u00e3o do tempo indica nebulosidade vari\u00e1vel com eventos de precipita\u00e7\u00f5es no centro-norte do Estado. Nas demais regi\u00f5es, c\u00e9u parcialmente nublado. Situa\u00e7\u00e3o semelhante para o s\u00e1bado (24).<\/p>\n<p>J\u00e1 para o domingo (25), os meteorologistas do \u00f3rg\u00e3o estadual apontam nebulosidade vari\u00e1vel com eventos de chuva em todo o Cear\u00e1.<\/p>\n<p><strong>Temperatura<\/strong><\/p>\n<p>Apesar das chuvas entre quinta e esta sexta, determinados munic\u00edpios do Estado continuaram registrando altas temperaturas. Em Jaguaribe, a m\u00e1xima foi de 39,6\u00b0C e 39,1\u00b0C em Morada Nova. Conforme dados no Instituto Nacional de Meteorologia (Inmet), estas foram as maiores temperaturas do Pa\u00eds no intervalo de 24 horas.<\/p>\n<p>&nbsp;<\/p>\n<div id=\"attachment_2204\" style=\"width: 778px\" class=\"wp-caption aligncenter\"><a href=\"http:\/\/wp.funceme.br\/wp-content\/uploads\/2019\/01\/Maiores-Temperaturas-do-BR.jpeg\"><img aria-describedby=\"caption-attachment-2204\" decoding=\"async\" loading=\"lazy\" class=\"wp-image-2204\" src=\"http:\/\/wp.funceme.br\/wp-content\/uploads\/2019\/01\/Maiores-Temperaturas-do-BR.jpeg\" alt=\"Maiores Temperaturas do BR (Fonte: Inmet)\" width=\"768\" height=\"630\" \/><\/a><p id=\"caption-attachment-2204\" class=\"wp-caption-text\">Maiores Temperaturas do BR (Fonte: Inmet)<\/p><\/div>\n<p>Fritz explica que, nesta \u00e9poca do ano, a quantidade reduzida de chuvas, pouca nebulosidade, condi\u00e7\u00f5es secas \u00e0 superf\u00edcie e ventos, em geral, mais fracos contribuem para este cen\u00e1rio de calor.<\/p>\n<p>\u201cA sensa\u00e7\u00e3o t\u00e9rmica aumenta em virtude dessas altas temperaturas, ventos menos intensos e progressiva eleva\u00e7\u00e3o da umidade do ar \u00e0 medida que nos aproximamos de dezembro e do m\u00eas de janeiro. O calor sentido por cada um n\u00f3s diminuir\u00e1 quando o c\u00e9u vier a permanecer mais nublado e as primeiras chuvas chegarem &#8211; o que pode acontecer na Pr\u00e9-Esta\u00e7\u00e3o. Portanto, dezembro e janeiro s\u00e3o os meses mais quentes do ano, principalmente se chover pouco nesses meses\u201d, finaliza o especialista da Funceme.<\/p>\n","protected":false},"excerpt":{"rendered":"<p>Chuvas foram registradas em, pelo menos 29 munic\u00edpios do Cear\u00e1 no intervalo entre as 7h desta quinta-feira (22) e as 7h desta sexta-feira (24), segundo a Funda\u00e7\u00e3o Cearense de Meteorologia e Recursos H\u00eddricos (Funceme). Na previs\u00e3o realizada ontem, a Unidade de Tempo e Clima da Funceme j\u00e1 havia indicado possibilidade de precipita\u00e7\u00f5es. Conforme o meteorologista [&hellip;]<\/p>\n","protected":false},"author":4,"featured_media":0,"comment_status":"closed","ping_status":"open","sticky":false,"template":"","format":"standard","meta":[],"categories":[81,15],"tags":[66,57,64,92,65],"acf":[],"_links":{"self":[{"href":"http:\/\/www.funceme.br\/index.php?rest_route=\/wp\/v2\/posts\/2203"}],"collection":[{"href":"http:\/\/www.funceme.br\/index.php?rest_route=\/wp\/v2\/posts"}],"about":[{"href":"http:\/\/www.funceme.br\/index.php?rest_route=\/wp\/v2\/types\/post"}],"author":[{"embeddable":true,"href":"http:\/\/www.funceme.br\/index.php?rest_route=\/wp\/v2\/users\/4"}],"replies":[{"embeddable":true,"href":"http:\/\/www.funceme.br\/index.php?rest_route=%2Fwp%2Fv2%2Fcomments&post=2203"}],"version-history":[{"count":1,"href":"http:\/\/www.funceme.br\/index.php?rest_route=\/wp\/v2\/posts\/2203\/revisions"}],"predecessor-version":[{"id":2205,"href":"http:\/\/www.funceme.br\/index.php?rest_route=\/wp\/v2\/posts\/2203\/revisions\/2205"}],"wp:attachment":[{"href":"http:\/\/www.funceme.br\/index.php?rest_route=%2Fwp%2Fv2%2Fmedia&parent=2203"}],"wp:term":[{"taxonomy":"category","embeddable":true,"href":"http:\/\/www.funceme.br\/index.php?rest_route=%2Fwp%2Fv2%2Fcategories&post=2203"},{"taxonomy":"post_tag","embeddable":true,"href":"http:\/\/www.funceme.br\/index.php?rest_route=%2Fwp%2Fv2%2Ftags&post=2203"}],"curies":[{"name":"wp","href":"https:\/\/api.w.org\/{rel}","templated":true}]}}