{"id":2281,"date":"2018-12-05T12:45:37","date_gmt":"2018-12-05T15:45:37","guid":{"rendered":"http:\/\/wp.funceme.br\/?p=2281"},"modified":"2019-02-15T07:57:53","modified_gmt":"2019-02-15T10:57:53","slug":"chuvas-da-pre-estacao-sao-registradas-em-mais-de-60-municipios-do-ceara","status":"publish","type":"post","link":"http:\/\/www.funceme.br\/?p=2281","title":{"rendered":"Chuvas da Pr\u00e9-Esta\u00e7\u00e3o s\u00e3o registradas em mais de 60 munic\u00edpios do Cear\u00e1"},"content":{"rendered":"<div id=\"attachment_2282\" style=\"width: 778px\" class=\"wp-caption aligncenter\"><a href=\"http:\/\/wp.funceme.br\/wp-content\/uploads\/2019\/01\/VCAN.png\"><img aria-describedby=\"caption-attachment-2282\" decoding=\"async\" loading=\"lazy\" class=\"wp-image-2282\" src=\"http:\/\/wp.funceme.br\/wp-content\/uploads\/2019\/01\/VCAN.png\" alt=\"A atua\u00e7\u00e3o de um VCAN no leste do Nordeste contribui para a forma\u00e7\u00e3o de chuvas (Foto: Reprodu\u00e7\u00e3o\/Ventusky)\" width=\"768\" height=\"565\" srcset=\"http:\/\/www.funceme.br\/wp-content\/uploads\/2019\/01\/VCAN.png 778w, http:\/\/www.funceme.br\/wp-content\/uploads\/2019\/01\/VCAN-600x441.png 600w, http:\/\/www.funceme.br\/wp-content\/uploads\/2019\/01\/VCAN-768x565.png 768w\" sizes=\"(max-width: 768px) 100vw, 768px\" \/><\/a><p id=\"caption-attachment-2282\" class=\"wp-caption-text\"><span style=\"color: #6b6b6b;\"><em>A atua\u00e7\u00e3o de um VCAN no leste do Nordeste contribui para a forma\u00e7\u00e3o de chuvas (Foto: Reprodu\u00e7\u00e3o\/Ventusky)<\/em><\/span><\/p><\/div>\n<p dir=\"ltr\">O Cear\u00e1 registrou, no intervalo entre as 7h desta ter\u00e7a-feira (4) e as 7h desta quarta-feira (5), chuvas em, pelo menos, 61 munic\u00edpios. Os dados, ainda em atualiza\u00e7\u00e3o, s\u00e3o da Funda\u00e7\u00e3o Cearense de Meteorologia e Recursos H\u00eddricos (Funceme).<\/p>\n<p dir=\"ltr\">As maiores precipita\u00e7\u00f5es aconteceram em Ubajara (102 mm), Ibiapina (96 mm), Tiangu\u00e1 (86 mm), Uruoca (63,8 mm) e Ipueiras (63 mm). Tais registros acontecem por influ\u00eancia de \u00e1reas de instabilidade sobre o Piau\u00ed e associadas \u00e0 presen\u00e7a de uma Zona de Converg\u00eancia do Atl\u00e2ntico Sul (ZCAS), que \u00e9 uma banda de nebulosidade e precipita\u00e7\u00e3o com orienta\u00e7\u00e3o noroeste-sudeste, indo desde o sul e leste da Amaz\u00f4nia at\u00e9 o sudoeste do Oceano Atl\u00e2ntico Sul.<\/p>\n<p dir=\"ltr\">Al\u00e9m da continuidade da ZCAS, a Funceme identifica, por meio da an\u00e1lise de imagem de sat\u00e9lite e previs\u00e3o de modelos num\u00e9ricos, a presen\u00e7a de um V\u00f3rtice Cicl\u00f4nico de Altos N\u00edveis (VCAN) sobre o oceano Atl\u00e2ntico e pr\u00f3ximo \u00e0 costa leste do Nordeste. Assim com o Cavado de Altos N\u00edveis (CAN) observado no \u00faltimo fim de semana, \u00e1reas de nebulosidade e, consequentemente, chuvas s\u00e3o proporcionadas na \u00e1rea da borda deste sistema. Ambos os sistemas s\u00e3o t\u00edpicos da Pr\u00e9-Esta\u00e7\u00e3o, que vai at\u00e9 o fim de janeiro no Cear\u00e1.<\/p>\n<p dir=\"ltr\">\u201cEsses sistemas trazem as chuvas neste per\u00edodo e s\u00e3o formados a partir de instabilidades atmosf\u00e9ricas devido a sistemas frontais que chegam no sul do Nordeste (principalmente na Bahia), influ\u00eancia da Zona de Converg\u00eancia do Atl\u00e2ntico Sul (ZCAS) e da Zona de Converg\u00eancia de Umidade (ZCOU), que ocorrem pr\u00f3ximas ao sul do Nordeste. Importantes chuvas podem ser produzidas por VCANs e CANs. Ocasionalmente, tamb\u00e9m instabilidades associadas \u00e0 uma declina\u00e7\u00e3o mais ao sul do equador da ZCIT podem ocasionar precipita\u00e7\u00f5es\u201d, explica o meteorologista e supervisor da Unidade de Tempo e Clima da Funceme, Raul Fritz.<\/p>\n<p dir=\"ltr\"><strong>Previs\u00e3o<\/strong><\/p>\n<p dir=\"ltr\">Para esta quarta, as chuvas devem continuar. Conforme previs\u00e3o dos meteorologistas da Funceme, o dia ser\u00e1 de nebulosidade vari\u00e1vel com eventos de precipita\u00e7\u00f5es no Litoral Norte, na Ibiapaba, no Sert\u00e3o Central e Inhamuns e no Cariri. Nas demais regi\u00f5es, h\u00e1 possibilidade de chuva. Para quinta (6) e sexta-feira (7), nebulosidade vari\u00e1vel com chuva em todas as regi\u00f5es cearenses.<\/p>\n<p dir=\"ltr\"><strong>Aporte<\/strong><\/p>\n<p dir=\"ltr\">Apesar da possibilidade de chuvas fortes, como os registros no intervalo das \u00faltimas 24 horas em Ubajara, Ibiapina e Tiangu\u00e1, geralmente tais precipita\u00e7\u00f5es n\u00e3o costumam contribuir tanto para o aporte dos a\u00e7udes, o que refor\u00e7a a necessidade do uso consciente da \u00e1gua. Neste momento, o Cear\u00e1 tem 101 a\u00e7udes com volume abaixo dos 30%.<\/p>\n<p dir=\"ltr\">\u201cDezembro que tem uma m\u00e9dia estadual baixa, sendo de 31,6 mil\u00edmetros. J\u00e1 em janeiro tivemos exemplo, hist\u00f3rico, de aporte muito significativo, em 2004, quando as chuvas sobre o Estado ultrapassaram em 311% a m\u00e9dia estadual. Mas casos desse tipo n\u00e3o s\u00e3o frequentes. As m\u00e9dias de dezembro e de janeiro, quando alcan\u00e7adas, representam aporte muito pequeno\u201d, refor\u00e7a Fritz.<\/p>\n<p dir=\"ltr\">Durante a Pr\u00e9-Esta\u00e7\u00e3o Chuvosa, os munic\u00edpios do Cariri costumam ser os mais beneficiados com as chuvas. A m\u00e9dia hist\u00f3rica da regi\u00e3o come\u00e7a a crescer a partir de novembro. J\u00e1 neste m\u00eas de dezembro ,com 68 mil\u00edmetros, ela j\u00e1 \u00e9 a maior do estado por influ\u00eancia dos sistemas frontais que chegam no sul do Nordeste como a ZCAS e a ZCOU.<\/p>\n<p>Atendimento \u00e0 Imprensa<\/p>\n<p><strong>Felipe Lima<\/strong><br \/>\nContato: (85) 3101.1099 \/ (85) 9 8727.1557 \/ (85) 9 8814.4194<br \/>\nE-mail:\u00a0\u00a0\u00a0\u00a0\u00a0\u00a0\u00a0\u00a0\u00a0\u00a0<a href=\"mailto:comunicacao@funceme.br\">comunicacao@funceme.br<\/a><\/p>\n","protected":false},"excerpt":{"rendered":"<p>O Cear\u00e1 registrou, no intervalo entre as 7h desta ter\u00e7a-feira (4) e as 7h desta quarta-feira (5), chuvas em, pelo menos, 61 munic\u00edpios. Os dados, ainda em atualiza\u00e7\u00e3o, s\u00e3o da Funda\u00e7\u00e3o Cearense de Meteorologia e Recursos H\u00eddricos (Funceme). As maiores precipita\u00e7\u00f5es aconteceram em Ubajara (102 mm), Ibiapina (96 mm), Tiangu\u00e1 (86 mm), Uruoca (63,8 mm) [&hellip;]<\/p>\n","protected":false},"author":4,"featured_media":2282,"comment_status":"closed","ping_status":"open","sticky":false,"template":"","format":"standard","meta":[],"categories":[81,15],"tags":[47,101,104],"acf":[],"_links":{"self":[{"href":"http:\/\/www.funceme.br\/index.php?rest_route=\/wp\/v2\/posts\/2281"}],"collection":[{"href":"http:\/\/www.funceme.br\/index.php?rest_route=\/wp\/v2\/posts"}],"about":[{"href":"http:\/\/www.funceme.br\/index.php?rest_route=\/wp\/v2\/types\/post"}],"author":[{"embeddable":true,"href":"http:\/\/www.funceme.br\/index.php?rest_route=\/wp\/v2\/users\/4"}],"replies":[{"embeddable":true,"href":"http:\/\/www.funceme.br\/index.php?rest_route=%2Fwp%2Fv2%2Fcomments&post=2281"}],"version-history":[{"count":2,"href":"http:\/\/www.funceme.br\/index.php?rest_route=\/wp\/v2\/posts\/2281\/revisions"}],"predecessor-version":[{"id":2284,"href":"http:\/\/www.funceme.br\/index.php?rest_route=\/wp\/v2\/posts\/2281\/revisions\/2284"}],"wp:featuredmedia":[{"embeddable":true,"href":"http:\/\/www.funceme.br\/index.php?rest_route=\/wp\/v2\/media\/2282"}],"wp:attachment":[{"href":"http:\/\/www.funceme.br\/index.php?rest_route=%2Fwp%2Fv2%2Fmedia&parent=2281"}],"wp:term":[{"taxonomy":"category","embeddable":true,"href":"http:\/\/www.funceme.br\/index.php?rest_route=%2Fwp%2Fv2%2Fcategories&post=2281"},{"taxonomy":"post_tag","embeddable":true,"href":"http:\/\/www.funceme.br\/index.php?rest_route=%2Fwp%2Fv2%2Ftags&post=2281"}],"curies":[{"name":"wp","href":"https:\/\/api.w.org\/{rel}","templated":true}]}}